{"id":1296,"date":"2024-03-05T06:00:00","date_gmt":"2024-03-05T05:00:00","guid":{"rendered":"https:\/\/lalestudiocreatif.fr\/?p=1296"},"modified":"2025-08-06T19:21:08","modified_gmt":"2025-08-06T17:21:08","slug":"6-pourquoi-avoir-un-logo-lessence-de-lidentite-visuelle","status":"publish","type":"post","link":"https:\/\/lalestudiocreatif.fr\/index.php\/2024\/03\/05\/6-pourquoi-avoir-un-logo-lessence-de-lidentite-visuelle\/","title":{"rendered":"#6 Pourquoi avoir un logo ? L&rsquo;essence de l&rsquo;identit\u00e9 visuelle"},"content":{"rendered":"\n<p><\/p>\n\n\n\n<h1 class=\"wp-block-heading\">#6 Pourquoi avoir un logo ? L&rsquo;essence de l&rsquo;identit\u00e9 visuelle<\/h1>\n\n\n\n<p>Bien plus qu&rsquo;une simple image, un logo est l&rsquo;essence m\u00eame de votre identit\u00e9 visuelle. C&rsquo;est un puissant symbole qui communique instantan\u00e9ment votre vision, vos valeurs et votre professionnalisme \u00e0 votre public cible. Dans cet article, explorons en profondeur l&rsquo;importance d&rsquo;un logo. Pourquoi il est bien plus qu&rsquo;une simple n\u00e9cessit\u00e9 ! Il est plut\u00f4t un investissement crucial dans la croissance et la reconnaissance de votre marque.<\/p>\n\n\n\n<h2 class=\"wp-block-heading\">\u00a0\u00a0La premi\u00e8re impression compte<\/h2>\n\n\n\n<p>Votre logo est souvent le premier point de contact entre votre entreprise et vos clients potentiels. Il est la carte de visite visuelle qui suscite l&rsquo;int\u00e9r\u00eat et cr\u00e9e une impression m\u00e9morable. Un design de logo soign\u00e9 et bien con\u00e7u peut instantan\u00e9ment captiver l&rsquo;attention, susciter la curiosit\u00e9 et inciter les gens \u00e0 en savoir plus sur ce que vous offrez. En investissant dans un logo de qualit\u00e9, vous \u00e9tablissez d\u00e8s le d\u00e9part une base solide pour des relations durables avec vos clients.<\/p>\n\n\n\n<h2 class=\"wp-block-heading\">La cr\u00e9dibilit\u00e9 et la professionnalisme<\/h2>\n\n\n\n<p>Un logo bien con\u00e7u conf\u00e8re une aura de cr\u00e9dibilit\u00e9 et de professionnalisme \u00e0 votre entreprise. Il transmet l&rsquo;id\u00e9e que vous \u00eates s\u00e9rieux dans ce que vous faites et que vous accordez de l&rsquo;importance \u00e0 votre image de marque. Les consommateurs sont plus enclins \u00e0 faire confiance \u00e0 une entreprise qui pr\u00e9sente une identit\u00e9 visuelle coh\u00e9rente et attrayante. En effet, un logo bien pens\u00e9 t\u00e9moigne de l&rsquo;engagement de votre entreprise envers l&rsquo;excellence dans tous les aspects de ses activit\u00e9s.<\/p>\n\n\n\n<h2 class=\"wp-block-heading\">La diff\u00e9renciation et la m\u00e9morabilit\u00e9 du logo<\/h2>\n\n\n\n<p>Dans un monde o\u00f9 la concurrence est f\u00e9roce, se d\u00e9marquer est essentiel pour r\u00e9ussir. Votre logo est un outil puissant pour vous diff\u00e9rencier de vos concurrents et pour ancrer votre marque dans l&rsquo;esprit de votre public. Un design unique et m\u00e9morable permet \u00e0 votre entreprise de se distinguer dans un oc\u00e9an de choix, tout en facilitant la reconnaissance et la r\u00e9tention de votre marque par les consommateurs.<\/p>\n\n\n\n<p><a href=\"https:\/\/99designs.fr\/blog\/designs-celebres\/10-logos-celebres-lecons\/\">Ici, on vous propose quelques exemples de logo c\u00e9l\u00e8bres que vous connaissez s\u00fbrement.<\/a><\/p>\n\n\n\n<h2 class=\"wp-block-heading\">La coh\u00e9rence et la reconnaissance de la marque<\/h2>\n\n\n\n<p>Votre logo est le pilier central de votre identit\u00e9 visuelle. Il sert de point de r\u00e9f\u00e9rence pour tous vos supports de communication. Qu&rsquo;il s&rsquo;agisse de votre site web, de vos cartes de visite, de vos r\u00e9seaux sociaux ou de vos produits. En maintenant une coh\u00e9rence visuelle \u00e0 travers tous ces canaux, vous renforcez la reconnaissance de votre marque et vous construisez une image de marque forte et coh\u00e9rente au fil du temps.<\/p>\n\n\n\n<h2 class=\"wp-block-heading\">Conclusion<\/h2>\n\n\n\n<p>En somme, l&rsquo;identit\u00e9 visuelle est bien plus qu&rsquo;une simple question de design. C&rsquo;est l&rsquo;\u00e2me m\u00eame d&rsquo;une marque, exprim\u00e9e \u00e0 travers un langage visuel riche et \u00e9vocateur. En tant qu\u2019agence, nous cr\u00e9ons des identit\u00e9s visuelles qui captivent, inspirent et laissent une impression durable. Parce qu&rsquo;au-del\u00e0 des couleurs et des formes, il y a une histoire \u00e0 raconter, une \u00e9motion \u00e0 transmettre !  C&rsquo;est l\u00e0 que r\u00e9side toute la magie de mon travail. Si vous souhaitez cr\u00e9er ou refaire votre logo, <a data-type=\"page\" data-id=\"389\" href=\"https:\/\/lalestudiocreatif.fr\/index.php\/contact\/\">contactez-nous<\/a> ! <\/p>\n","protected":false},"excerpt":{"rendered":"<p>#6 Pourquoi avoir un logo ? L&rsquo;essence de l&rsquo;identit\u00e9 visuelle Bien plus qu&rsquo;une simple image, un logo est l&rsquo;essence m\u00eame [&hellip;]<\/p>\n","protected":false},"author":2,"featured_media":1297,"comment_status":"closed","ping_status":"closed","sticky":false,"template":"","format":"standard","meta":{"site-sidebar-layout":"default","site-content-layout":"","ast-site-content-layout":"default","site-content-style":"default","site-sidebar-style":"default","ast-global-header-display":"","ast-banner-title-visibility":"","ast-main-header-display":"","ast-hfb-above-header-display":"","ast-hfb-below-header-display":"","ast-hfb-mobile-header-display":"","site-post-title":"disabled","ast-breadcrumbs-content":"","ast-featured-img":"","footer-sml-layout":"","theme-transparent-header-meta":"","adv-header-id-meta":"","stick-header-meta":"","header-above-stick-meta":"","header-main-stick-meta":"","header-below-stick-meta":"","astra-migrate-meta-layouts":"set","ast-page-background-enabled":"default","ast-page-background-meta":{"desktop":{"background-color":"var(--ast-global-color-4)","background-image":"","background-repeat":"repeat","background-position":"center center","background-size":"auto","background-attachment":"scroll","background-type":"","background-media":"","overlay-type":"","overlay-color":"","overlay-opacity":"","overlay-gradient":""},"tablet":{"background-color":"","background-image":"","background-repeat":"repeat","background-position":"center center","background-size":"auto","background-attachment":"scroll","background-type":"","background-media":"","overlay-type":"","overlay-color":"","overlay-opacity":"","overlay-gradient":""},"mobile":{"background-color":"","background-image":"","background-repeat":"repeat","background-position":"center center","background-size":"auto","background-attachment":"scroll","background-type":"","background-media":"","overlay-type":"","overlay-color":"","overlay-opacity":"","overlay-gradient":""}},"ast-content-background-meta":{"desktop":{"background-color":"var(--ast-global-color-5)","background-image":"","background-repeat":"repeat","background-position":"center center","background-size":"auto","background-attachment":"scroll","background-type":"","background-media":"","overlay-type":"","overlay-color":"","overlay-opacity":"","overlay-gradient":""},"tablet":{"background-color":"var(--ast-global-color-5)","background-image":"","background-repeat":"repeat","background-position":"center center","background-size":"auto","background-attachment":"scroll","background-type":"","background-media":"","overlay-type":"","overlay-color":"","overlay-opacity":"","overlay-gradient":""},"mobile":{"background-color":"var(--ast-global-color-5)","background-image":"","background-repeat":"repeat","background-position":"center center","background-size":"auto","background-attachment":"scroll","background-type":"","background-media":"","overlay-type":"","overlay-color":"","overlay-opacity":"","overlay-gradient":""}},"footnotes":""},"categories":[1],"tags":[11,13],"yoast_head":"<!-- This site is optimized with the Yoast SEO plugin v22.2 - https:\/\/yoast.com\/wordpress\/plugins\/seo\/ -->\n<title>#6 Pourquoi avoir un logo ? L&#039;essence de l&#039;identit\u00e9 visuelle - Lal\u00e9 studio cr\u00e9atif - agence de communication Tours graphisme et illustration<\/title>\n<meta name=\"description\" content=\"Pourquoi avoir un bon logo ? Quelle est son importance pour votre activit\u00e9 et comment il peut v\u00e9hiculer un message important.\" \/>\n<meta name=\"robots\" content=\"index, follow, max-snippet:-1, max-image-preview:large, max-video-preview:-1\" \/>\n<link rel=\"canonical\" href=\"https:\/\/lalestudiocreatif.fr\/index.php\/2024\/03\/05\/6-pourquoi-avoir-un-logo-lessence-de-lidentite-visuelle\/\" \/>\n<meta property=\"og:locale\" content=\"fr_FR\" \/>\n<meta property=\"og:type\" content=\"article\" \/>\n<meta property=\"og:title\" content=\"#6 Pourquoi avoir un logo ? L&#039;essence de l&#039;identit\u00e9 visuelle - Lal\u00e9 studio cr\u00e9atif - agence de communication Tours graphisme et illustration\" \/>\n<meta property=\"og:description\" content=\"Pourquoi avoir un bon logo ? Quelle est son importance pour votre activit\u00e9 et comment il peut v\u00e9hiculer un message important.\" \/>\n<meta property=\"og:url\" content=\"https:\/\/lalestudiocreatif.fr\/index.php\/2024\/03\/05\/6-pourquoi-avoir-un-logo-lessence-de-lidentite-visuelle\/\" \/>\n<meta property=\"og:site_name\" content=\"Lal\u00e9 studio cr\u00e9atif - agence de communication Tours graphisme et illustration\" \/>\n<meta property=\"article:published_time\" content=\"2024-03-05T05:00:00+00:00\" \/>\n<meta property=\"article:modified_time\" content=\"2025-08-06T17:21:08+00:00\" \/>\n<meta property=\"og:image\" content=\"http:\/\/lalestudiocreatif.fr\/wp-content\/uploads\/2024\/03\/4-scaled.jpg\" \/>\n\t<meta property=\"og:image:width\" content=\"2560\" \/>\n\t<meta property=\"og:image:height\" content=\"1717\" \/>\n\t<meta property=\"og:image:type\" content=\"image\/jpeg\" \/>\n<meta name=\"author\" content=\"Ani BOZHKOVA\" \/>\n<meta name=\"twitter:card\" content=\"summary_large_image\" \/>\n<meta name=\"twitter:label1\" content=\"\u00c9crit par\" \/>\n\t<meta name=\"twitter:data1\" content=\"Ani BOZHKOVA\" \/>\n\t<meta name=\"twitter:label2\" content=\"Dur\u00e9e de lecture estim\u00e9e\" \/>\n\t<meta name=\"twitter:data2\" content=\"3 minutes\" \/>\n<script type=\"application\/ld+json\" class=\"yoast-schema-graph\">{\"@context\":\"https:\/\/schema.org\",\"@graph\":[{\"@type\":\"Article\",\"@id\":\"https:\/\/lalestudiocreatif.fr\/index.php\/2024\/03\/05\/6-pourquoi-avoir-un-logo-lessence-de-lidentite-visuelle\/#article\",\"isPartOf\":{\"@id\":\"https:\/\/lalestudiocreatif.fr\/index.php\/2024\/03\/05\/6-pourquoi-avoir-un-logo-lessence-de-lidentite-visuelle\/\"},\"author\":{\"name\":\"Ani BOZHKOVA\",\"@id\":\"https:\/\/lalestudiocreatif.fr\/#\/schema\/person\/3380d0872b44252f5f128bc2c1625ebe\"},\"headline\":\"#6 Pourquoi avoir un logo ? L&rsquo;essence de l&rsquo;identit\u00e9 visuelle\",\"datePublished\":\"2024-03-05T05:00:00+00:00\",\"dateModified\":\"2025-08-06T17:21:08+00:00\",\"mainEntityOfPage\":{\"@id\":\"https:\/\/lalestudiocreatif.fr\/index.php\/2024\/03\/05\/6-pourquoi-avoir-un-logo-lessence-de-lidentite-visuelle\/\"},\"wordCount\":558,\"publisher\":{\"@id\":\"https:\/\/lalestudiocreatif.fr\/#organization\"},\"image\":{\"@id\":\"https:\/\/lalestudiocreatif.fr\/index.php\/2024\/03\/05\/6-pourquoi-avoir-un-logo-lessence-de-lidentite-visuelle\/#primaryimage\"},\"thumbnailUrl\":\"https:\/\/lalestudiocreatif.fr\/wp-content\/uploads\/2024\/03\/4-scaled.jpg\",\"keywords\":[\"Graphisme\",\"Tout\"],\"articleSection\":[\"Blog\"],\"inLanguage\":\"fr-FR\"},{\"@type\":\"WebPage\",\"@id\":\"https:\/\/lalestudiocreatif.fr\/index.php\/2024\/03\/05\/6-pourquoi-avoir-un-logo-lessence-de-lidentite-visuelle\/\",\"url\":\"https:\/\/lalestudiocreatif.fr\/index.php\/2024\/03\/05\/6-pourquoi-avoir-un-logo-lessence-de-lidentite-visuelle\/\",\"name\":\"#6 Pourquoi avoir un logo ? L'essence de l'identit\u00e9 visuelle - Lal\u00e9 studio cr\u00e9atif - agence de communication Tours graphisme et illustration\",\"isPartOf\":{\"@id\":\"https:\/\/lalestudiocreatif.fr\/#website\"},\"primaryImageOfPage\":{\"@id\":\"https:\/\/lalestudiocreatif.fr\/index.php\/2024\/03\/05\/6-pourquoi-avoir-un-logo-lessence-de-lidentite-visuelle\/#primaryimage\"},\"image\":{\"@id\":\"https:\/\/lalestudiocreatif.fr\/index.php\/2024\/03\/05\/6-pourquoi-avoir-un-logo-lessence-de-lidentite-visuelle\/#primaryimage\"},\"thumbnailUrl\":\"https:\/\/lalestudiocreatif.fr\/wp-content\/uploads\/2024\/03\/4-scaled.jpg\",\"datePublished\":\"2024-03-05T05:00:00+00:00\",\"dateModified\":\"2025-08-06T17:21:08+00:00\",\"description\":\"Pourquoi avoir un bon logo ? Quelle est son importance pour votre activit\u00e9 et comment il peut v\u00e9hiculer un message important.\",\"breadcrumb\":{\"@id\":\"https:\/\/lalestudiocreatif.fr\/index.php\/2024\/03\/05\/6-pourquoi-avoir-un-logo-lessence-de-lidentite-visuelle\/#breadcrumb\"},\"inLanguage\":\"fr-FR\",\"potentialAction\":[{\"@type\":\"ReadAction\",\"target\":[\"https:\/\/lalestudiocreatif.fr\/index.php\/2024\/03\/05\/6-pourquoi-avoir-un-logo-lessence-de-lidentite-visuelle\/\"]}]},{\"@type\":\"ImageObject\",\"inLanguage\":\"fr-FR\",\"@id\":\"https:\/\/lalestudiocreatif.fr\/index.php\/2024\/03\/05\/6-pourquoi-avoir-un-logo-lessence-de-lidentite-visuelle\/#primaryimage\",\"url\":\"https:\/\/lalestudiocreatif.fr\/wp-content\/uploads\/2024\/03\/4-scaled.jpg\",\"contentUrl\":\"https:\/\/lalestudiocreatif.fr\/wp-content\/uploads\/2024\/03\/4-scaled.jpg\",\"width\":2560,\"height\":1717,\"caption\":\"Agence de communication Tours graphiste identit\u00e9 visuelle logo\"},{\"@type\":\"BreadcrumbList\",\"@id\":\"https:\/\/lalestudiocreatif.fr\/index.php\/2024\/03\/05\/6-pourquoi-avoir-un-logo-lessence-de-lidentite-visuelle\/#breadcrumb\",\"itemListElement\":[{\"@type\":\"ListItem\",\"position\":1,\"name\":\"Accueil\",\"item\":\"https:\/\/lalestudiocreatif.fr\/\"},{\"@type\":\"ListItem\",\"position\":2,\"name\":\"#6 Pourquoi avoir un logo ? L&#8217;essence de l&#8217;identit\u00e9 visuelle\"}]},{\"@type\":\"WebSite\",\"@id\":\"https:\/\/lalestudiocreatif.fr\/#website\",\"url\":\"https:\/\/lalestudiocreatif.fr\/\",\"name\":\"Lal\u00e9 studio cr\u00e9atif - agence de communication Tours graphisme et illustration\",\"description\":\"graphiste | agence de communication Tours\",\"publisher\":{\"@id\":\"https:\/\/lalestudiocreatif.fr\/#organization\"},\"potentialAction\":[{\"@type\":\"SearchAction\",\"target\":{\"@type\":\"EntryPoint\",\"urlTemplate\":\"https:\/\/lalestudiocreatif.fr\/?s={search_term_string}\"},\"query-input\":\"required name=search_term_string\"}],\"inLanguage\":\"fr-FR\"},{\"@type\":\"Organization\",\"@id\":\"https:\/\/lalestudiocreatif.fr\/#organization\",\"name\":\"Lal\u00e9 studio cr\u00e9atif - agence de communication Tours graphisme et illustration\",\"url\":\"https:\/\/lalestudiocreatif.fr\/\",\"logo\":{\"@type\":\"ImageObject\",\"inLanguage\":\"fr-FR\",\"@id\":\"https:\/\/lalestudiocreatif.fr\/#\/schema\/logo\/image\/\",\"url\":\"https:\/\/lalestudiocreatif.fr\/wp-content\/uploads\/2024\/06\/cropped-cropped-lale-logo-2024-2.png\",\"contentUrl\":\"https:\/\/lalestudiocreatif.fr\/wp-content\/uploads\/2024\/06\/cropped-cropped-lale-logo-2024-2.png\",\"width\":2461,\"height\":944,\"caption\":\"Lal\u00e9 studio cr\u00e9atif - agence de communication Tours graphisme et illustration\"},\"image\":{\"@id\":\"https:\/\/lalestudiocreatif.fr\/#\/schema\/logo\/image\/\"}},{\"@type\":\"Person\",\"@id\":\"https:\/\/lalestudiocreatif.fr\/#\/schema\/person\/3380d0872b44252f5f128bc2c1625ebe\",\"name\":\"Ani BOZHKOVA\",\"image\":{\"@type\":\"ImageObject\",\"inLanguage\":\"fr-FR\",\"@id\":\"https:\/\/lalestudiocreatif.fr\/#\/schema\/person\/image\/\",\"url\":\"https:\/\/secure.gravatar.com\/avatar\/74b0f698459025615b43dd895e1eeb32?s=96&d=mm&r=g\",\"contentUrl\":\"https:\/\/secure.gravatar.com\/avatar\/74b0f698459025615b43dd895e1eeb32?s=96&d=mm&r=g\",\"caption\":\"Ani BOZHKOVA\"},\"url\":\"https:\/\/lalestudiocreatif.fr\/index.php\/author\/ani-bozhkova\/\"}]}<\/script>\n<!-- \/ Yoast SEO plugin. -->","yoast_head_json":{"title":"#6 Pourquoi avoir un logo ? L'essence de l'identit\u00e9 visuelle - Lal\u00e9 studio cr\u00e9atif - agence de communication Tours graphisme et illustration","description":"Pourquoi avoir un bon logo ? Quelle est son importance pour votre activit\u00e9 et comment il peut v\u00e9hiculer un message important.","robots":{"index":"index","follow":"follow","max-snippet":"max-snippet:-1","max-image-preview":"max-image-preview:large","max-video-preview":"max-video-preview:-1"},"canonical":"https:\/\/lalestudiocreatif.fr\/index.php\/2024\/03\/05\/6-pourquoi-avoir-un-logo-lessence-de-lidentite-visuelle\/","og_locale":"fr_FR","og_type":"article","og_title":"#6 Pourquoi avoir un logo ? L'essence de l'identit\u00e9 visuelle - Lal\u00e9 studio cr\u00e9atif - agence de communication Tours graphisme et illustration","og_description":"Pourquoi avoir un bon logo ? Quelle est son importance pour votre activit\u00e9 et comment il peut v\u00e9hiculer un message important.","og_url":"https:\/\/lalestudiocreatif.fr\/index.php\/2024\/03\/05\/6-pourquoi-avoir-un-logo-lessence-de-lidentite-visuelle\/","og_site_name":"Lal\u00e9 studio cr\u00e9atif - agence de communication Tours graphisme et illustration","article_published_time":"2024-03-05T05:00:00+00:00","article_modified_time":"2025-08-06T17:21:08+00:00","og_image":[{"width":2560,"height":1717,"url":"http:\/\/lalestudiocreatif.fr\/wp-content\/uploads\/2024\/03\/4-scaled.jpg","type":"image\/jpeg"}],"author":"Ani BOZHKOVA","twitter_card":"summary_large_image","twitter_misc":{"\u00c9crit par":"Ani BOZHKOVA","Dur\u00e9e de lecture estim\u00e9e":"3 minutes"},"schema":{"@context":"https:\/\/schema.org","@graph":[{"@type":"Article","@id":"https:\/\/lalestudiocreatif.fr\/index.php\/2024\/03\/05\/6-pourquoi-avoir-un-logo-lessence-de-lidentite-visuelle\/#article","isPartOf":{"@id":"https:\/\/lalestudiocreatif.fr\/index.php\/2024\/03\/05\/6-pourquoi-avoir-un-logo-lessence-de-lidentite-visuelle\/"},"author":{"name":"Ani BOZHKOVA","@id":"https:\/\/lalestudiocreatif.fr\/#\/schema\/person\/3380d0872b44252f5f128bc2c1625ebe"},"headline":"#6 Pourquoi avoir un logo ? L&rsquo;essence de l&rsquo;identit\u00e9 visuelle","datePublished":"2024-03-05T05:00:00+00:00","dateModified":"2025-08-06T17:21:08+00:00","mainEntityOfPage":{"@id":"https:\/\/lalestudiocreatif.fr\/index.php\/2024\/03\/05\/6-pourquoi-avoir-un-logo-lessence-de-lidentite-visuelle\/"},"wordCount":558,"publisher":{"@id":"https:\/\/lalestudiocreatif.fr\/#organization"},"image":{"@id":"https:\/\/lalestudiocreatif.fr\/index.php\/2024\/03\/05\/6-pourquoi-avoir-un-logo-lessence-de-lidentite-visuelle\/#primaryimage"},"thumbnailUrl":"https:\/\/lalestudiocreatif.fr\/wp-content\/uploads\/2024\/03\/4-scaled.jpg","keywords":["Graphisme","Tout"],"articleSection":["Blog"],"inLanguage":"fr-FR"},{"@type":"WebPage","@id":"https:\/\/lalestudiocreatif.fr\/index.php\/2024\/03\/05\/6-pourquoi-avoir-un-logo-lessence-de-lidentite-visuelle\/","url":"https:\/\/lalestudiocreatif.fr\/index.php\/2024\/03\/05\/6-pourquoi-avoir-un-logo-lessence-de-lidentite-visuelle\/","name":"#6 Pourquoi avoir un logo ? L'essence de l'identit\u00e9 visuelle - Lal\u00e9 studio cr\u00e9atif - agence de communication Tours graphisme et illustration","isPartOf":{"@id":"https:\/\/lalestudiocreatif.fr\/#website"},"primaryImageOfPage":{"@id":"https:\/\/lalestudiocreatif.fr\/index.php\/2024\/03\/05\/6-pourquoi-avoir-un-logo-lessence-de-lidentite-visuelle\/#primaryimage"},"image":{"@id":"https:\/\/lalestudiocreatif.fr\/index.php\/2024\/03\/05\/6-pourquoi-avoir-un-logo-lessence-de-lidentite-visuelle\/#primaryimage"},"thumbnailUrl":"https:\/\/lalestudiocreatif.fr\/wp-content\/uploads\/2024\/03\/4-scaled.jpg","datePublished":"2024-03-05T05:00:00+00:00","dateModified":"2025-08-06T17:21:08+00:00","description":"Pourquoi avoir un bon logo ? Quelle est son importance pour votre activit\u00e9 et comment il peut v\u00e9hiculer un message important.","breadcrumb":{"@id":"https:\/\/lalestudiocreatif.fr\/index.php\/2024\/03\/05\/6-pourquoi-avoir-un-logo-lessence-de-lidentite-visuelle\/#breadcrumb"},"inLanguage":"fr-FR","potentialAction":[{"@type":"ReadAction","target":["https:\/\/lalestudiocreatif.fr\/index.php\/2024\/03\/05\/6-pourquoi-avoir-un-logo-lessence-de-lidentite-visuelle\/"]}]},{"@type":"ImageObject","inLanguage":"fr-FR","@id":"https:\/\/lalestudiocreatif.fr\/index.php\/2024\/03\/05\/6-pourquoi-avoir-un-logo-lessence-de-lidentite-visuelle\/#primaryimage","url":"https:\/\/lalestudiocreatif.fr\/wp-content\/uploads\/2024\/03\/4-scaled.jpg","contentUrl":"https:\/\/lalestudiocreatif.fr\/wp-content\/uploads\/2024\/03\/4-scaled.jpg","width":2560,"height":1717,"caption":"Agence de communication Tours graphiste identit\u00e9 visuelle logo"},{"@type":"BreadcrumbList","@id":"https:\/\/lalestudiocreatif.fr\/index.php\/2024\/03\/05\/6-pourquoi-avoir-un-logo-lessence-de-lidentite-visuelle\/#breadcrumb","itemListElement":[{"@type":"ListItem","position":1,"name":"Accueil","item":"https:\/\/lalestudiocreatif.fr\/"},{"@type":"ListItem","position":2,"name":"#6 Pourquoi avoir un logo ? L&#8217;essence de l&#8217;identit\u00e9 visuelle"}]},{"@type":"WebSite","@id":"https:\/\/lalestudiocreatif.fr\/#website","url":"https:\/\/lalestudiocreatif.fr\/","name":"Lal\u00e9 studio cr\u00e9atif - agence de communication Tours graphisme et illustration","description":"graphiste | agence de communication Tours","publisher":{"@id":"https:\/\/lalestudiocreatif.fr\/#organization"},"potentialAction":[{"@type":"SearchAction","target":{"@type":"EntryPoint","urlTemplate":"https:\/\/lalestudiocreatif.fr\/?s={search_term_string}"},"query-input":"required name=search_term_string"}],"inLanguage":"fr-FR"},{"@type":"Organization","@id":"https:\/\/lalestudiocreatif.fr\/#organization","name":"Lal\u00e9 studio cr\u00e9atif - agence de communication Tours graphisme et illustration","url":"https:\/\/lalestudiocreatif.fr\/","logo":{"@type":"ImageObject","inLanguage":"fr-FR","@id":"https:\/\/lalestudiocreatif.fr\/#\/schema\/logo\/image\/","url":"https:\/\/lalestudiocreatif.fr\/wp-content\/uploads\/2024\/06\/cropped-cropped-lale-logo-2024-2.png","contentUrl":"https:\/\/lalestudiocreatif.fr\/wp-content\/uploads\/2024\/06\/cropped-cropped-lale-logo-2024-2.png","width":2461,"height":944,"caption":"Lal\u00e9 studio cr\u00e9atif - agence de communication Tours graphisme et illustration"},"image":{"@id":"https:\/\/lalestudiocreatif.fr\/#\/schema\/logo\/image\/"}},{"@type":"Person","@id":"https:\/\/lalestudiocreatif.fr\/#\/schema\/person\/3380d0872b44252f5f128bc2c1625ebe","name":"Ani BOZHKOVA","image":{"@type":"ImageObject","inLanguage":"fr-FR","@id":"https:\/\/lalestudiocreatif.fr\/#\/schema\/person\/image\/","url":"https:\/\/secure.gravatar.com\/avatar\/74b0f698459025615b43dd895e1eeb32?s=96&d=mm&r=g","contentUrl":"https:\/\/secure.gravatar.com\/avatar\/74b0f698459025615b43dd895e1eeb32?s=96&d=mm&r=g","caption":"Ani BOZHKOVA"},"url":"https:\/\/lalestudiocreatif.fr\/index.php\/author\/ani-bozhkova\/"}]}},"_links":{"self":[{"href":"https:\/\/lalestudiocreatif.fr\/index.php\/wp-json\/wp\/v2\/posts\/1296"}],"collection":[{"href":"https:\/\/lalestudiocreatif.fr\/index.php\/wp-json\/wp\/v2\/posts"}],"about":[{"href":"https:\/\/lalestudiocreatif.fr\/index.php\/wp-json\/wp\/v2\/types\/post"}],"author":[{"embeddable":true,"href":"https:\/\/lalestudiocreatif.fr\/index.php\/wp-json\/wp\/v2\/users\/2"}],"replies":[{"embeddable":true,"href":"https:\/\/lalestudiocreatif.fr\/index.php\/wp-json\/wp\/v2\/comments?post=1296"}],"version-history":[{"count":6,"href":"https:\/\/lalestudiocreatif.fr\/index.php\/wp-json\/wp\/v2\/posts\/1296\/revisions"}],"predecessor-version":[{"id":2422,"href":"https:\/\/lalestudiocreatif.fr\/index.php\/wp-json\/wp\/v2\/posts\/1296\/revisions\/2422"}],"wp:featuredmedia":[{"embeddable":true,"href":"https:\/\/lalestudiocreatif.fr\/index.php\/wp-json\/wp\/v2\/media\/1297"}],"wp:attachment":[{"href":"https:\/\/lalestudiocreatif.fr\/index.php\/wp-json\/wp\/v2\/media?parent=1296"}],"wp:term":[{"taxonomy":"category","embeddable":true,"href":"https:\/\/lalestudiocreatif.fr\/index.php\/wp-json\/wp\/v2\/categories?post=1296"},{"taxonomy":"post_tag","embeddable":true,"href":"https:\/\/lalestudiocreatif.fr\/index.php\/wp-json\/wp\/v2\/tags?post=1296"}],"curies":[{"name":"wp","href":"https:\/\/api.w.org\/{rel}","templated":true}]}}