{"id":1500,"date":"2024-05-26T13:07:45","date_gmt":"2024-05-26T11:07:45","guid":{"rendered":"https:\/\/lalestudiocreatif.fr\/?p=1500"},"modified":"2025-08-07T15:08:34","modified_gmt":"2025-08-07T13:08:34","slug":"15-calendrier-de-lavent-en-ete-pourquoi-anticiper-les-delais-est-essentiel","status":"publish","type":"post","link":"https:\/\/lalestudiocreatif.fr\/index.php\/2024\/05\/26\/15-calendrier-de-lavent-en-ete-pourquoi-anticiper-les-delais-est-essentiel\/","title":{"rendered":"#15: Calendrier de l&rsquo;Avent en \u00c9t\u00e9 : Pourquoi Anticiper les D\u00e9lais est Essentiel"},"content":{"rendered":"\n<h1 class=\"wp-block-heading\">#15: Calendrier de l&rsquo;avent en \u00e9t\u00e9 : Pourquoi anticiper les d\u00e9lais est essentiel<\/h1>\n\n\n\n<p>L&rsquo;\u00e9t\u00e9 est g\u00e9n\u00e9ralement une p\u00e9riode de d\u00e9tente et de vacances. Cependant, pour les entreprises, c&rsquo;est aussi un moment crucial pour se pr\u00e9parer aux f\u00eates de fin d&rsquo;ann\u00e9e. Bien que No\u00ebl soit encore loin, il est essentiel d&rsquo;anticiper les d\u00e9lais d\u00e8s maintenant.<\/p>\n\n\n\n<h2 class=\"wp-block-heading\">Pourquoi anticiper les d\u00e9lais est crucial<\/h2>\n\n\n\n<p>Pendant la p\u00e9riode des f\u00eates, la demande augmente de mani\u00e8re significative. Les consommateurs recherchent des cadeaux, des d\u00e9corations et des produits saisonniers. Les entreprises doivent donc s&rsquo;assurer d&rsquo;avoir les stocks n\u00e9cessaires pour r\u00e9pondre \u00e0 cette hausse de la demande. Cependant, les d\u00e9lais de production et de livraison peuvent \u00eatre plus longs pendant cette p\u00e9riode. Les fournisseurs et les transporteurs sont souvent surcharg\u00e9s, ce qui peut entra\u00eener des retards. En anticipant ces d\u00e9lais d\u00e8s l&rsquo;\u00e9t\u00e9, les entreprises peuvent \u00e9viter les ruptures de stock et garantir la disponibilit\u00e9 de leurs produits.<\/p>\n\n\n\n<h2 class=\"wp-block-heading\">Planifier efficacement sa strat\u00e9gie estivale<\/h2>\n\n\n\n<p>L&rsquo;\u00e9t\u00e9 est le moment id\u00e9al pour commencer \u00e0 planifier sa strat\u00e9gie pour les f\u00eates de fin d&rsquo;ann\u00e9e. Les entreprises doivent identifier leurs produits les plus populaires et estimer les quantit\u00e9s n\u00e9cessaires. Elles peuvent \u00e9galement r\u00e9fl\u00e9chir \u00e0 de nouvelles offres ou \u00e0 des produits saisonniers qui pourraient attirer les clients. Une fois ces \u00e9l\u00e9ments identifi\u00e9s, il est important de passer les commandes aupr\u00e8s des fournisseurs le plus t\u00f4t possible. Cela permet de s&rsquo;assurer que les produits seront livr\u00e9s \u00e0 temps pour la p\u00e9riode des f\u00eates. Les entreprises peuvent \u00e9galement envisager des options de transport plus rapides, comme l&rsquo;exp\u00e9dition a\u00e9rienne, pour garantir la livraison \u00e0 temps.<\/p>\n\n\n\n<h2 class=\"wp-block-heading\">Communiquer efficacement avec les clients<\/h2>\n\n\n\n<p>Pendant la p\u00e9riode des f\u00eates, les clients sont souvent impatients et attendent leurs commandes avec impatience. Il est donc essentiel de communiquer clairement sur les d\u00e9lais de livraison. Les entreprises peuvent utiliser leur site web, leurs r\u00e9seaux sociaux ou des newsletters pour informer leurs clients des d\u00e9lais de livraison. Elles peuvent \u00e9galement proposer des options de livraison plus rapides, comme la livraison express, pour r\u00e9pondre aux attentes des clients. En anticipant les d\u00e9lais d\u00e8s l&rsquo;\u00e9t\u00e9, les entreprises peuvent \u00e9galement offrir des promotions ou des offres sp\u00e9ciales pour encourager les clients \u00e0 commander t\u00f4t. Cela leur permet de mieux planifier leur production et leur logistique, tout en fid\u00e9lisant leurs clients.<\/p>\n\n\n\n<h2 class=\"wp-block-heading\">Pour quels produits ?<\/h2>\n\n\n\n<p>Les Calendriers de l&rsquo;avent sont aujourd&rsquo;hui utilis\u00e9s dans diff\u00e9rents secteurs et pour tous les types de produits : Alimentaire (Chocolats et Confiseries, Th\u00e9s et Caf\u00e9s, Vins et Spiritueux, \u00c9picerie Fine), Beaut\u00e9 et Soins Personnels (Cosm\u00e9tiques, Parfumerie, Soins Capillaires), Jouets et Jeux ou encore Mode et Accessoires.<\/p>\n\n\n\n<h2 class=\"wp-block-heading\">Conclusion <\/h2>\n\n\n\n<p>En conclusion, anticiper les d\u00e9lais d\u00e8s l&rsquo;\u00e9t\u00e9 est essentiel pour les entreprises qui souhaitent r\u00e9ussir pendant la p\u00e9riode des f\u00eates de fin d&rsquo;ann\u00e9e. En planifiant leur strat\u00e9gie estivale, en passant les commandes \u00e0 l&rsquo;avance et en communiquant efficacement avec leurs clients, les entreprises peuvent s&rsquo;assurer d&rsquo;avoir les stocks n\u00e9cessaires et de r\u00e9pondre aux attentes de leurs clients. <a data-type=\"page\" data-id=\"389\" href=\"https:\/\/lalestudiocreatif.fr\/index.php\/contact\/\">Contactez nous <\/a>si vous avez un projet en t\u00eate !<\/p>\n","protected":false},"excerpt":{"rendered":"<p>#15: Calendrier de l&rsquo;avent en \u00e9t\u00e9 : Pourquoi anticiper les d\u00e9lais est essentiel L&rsquo;\u00e9t\u00e9 est g\u00e9n\u00e9ralement une p\u00e9riode de d\u00e9tente [&hellip;]<\/p>\n","protected":false},"author":2,"featured_media":1514,"comment_status":"closed","ping_status":"closed","sticky":false,"template":"","format":"standard","meta":{"site-sidebar-layout":"default","site-content-layout":"","ast-site-content-layout":"default","site-content-style":"default","site-sidebar-style":"default","ast-global-header-display":"","ast-banner-title-visibility":"","ast-main-header-display":"","ast-hfb-above-header-display":"","ast-hfb-below-header-display":"","ast-hfb-mobile-header-display":"","site-post-title":"disabled","ast-breadcrumbs-content":"","ast-featured-img":"","footer-sml-layout":"","theme-transparent-header-meta":"","adv-header-id-meta":"","stick-header-meta":"","header-above-stick-meta":"","header-main-stick-meta":"","header-below-stick-meta":"","astra-migrate-meta-layouts":"set","ast-page-background-enabled":"default","ast-page-background-meta":{"desktop":{"background-color":"var(--ast-global-color-4)","background-image":"","background-repeat":"repeat","background-position":"center center","background-size":"auto","background-attachment":"scroll","background-type":"","background-media":"","overlay-type":"","overlay-color":"","overlay-opacity":"","overlay-gradient":""},"tablet":{"background-color":"","background-image":"","background-repeat":"repeat","background-position":"center center","background-size":"auto","background-attachment":"scroll","background-type":"","background-media":"","overlay-type":"","overlay-color":"","overlay-opacity":"","overlay-gradient":""},"mobile":{"background-color":"","background-image":"","background-repeat":"repeat","background-position":"center center","background-size":"auto","background-attachment":"scroll","background-type":"","background-media":"","overlay-type":"","overlay-color":"","overlay-opacity":"","overlay-gradient":""}},"ast-content-background-meta":{"desktop":{"background-color":"var(--ast-global-color-5)","background-image":"","background-repeat":"repeat","background-position":"center center","background-size":"auto","background-attachment":"scroll","background-type":"","background-media":"","overlay-type":"","overlay-color":"","overlay-opacity":"","overlay-gradient":""},"tablet":{"background-color":"var(--ast-global-color-5)","background-image":"","background-repeat":"repeat","background-position":"center center","background-size":"auto","background-attachment":"scroll","background-type":"","background-media":"","overlay-type":"","overlay-color":"","overlay-opacity":"","overlay-gradient":""},"mobile":{"background-color":"var(--ast-global-color-5)","background-image":"","background-repeat":"repeat","background-position":"center center","background-size":"auto","background-attachment":"scroll","background-type":"","background-media":"","overlay-type":"","overlay-color":"","overlay-opacity":"","overlay-gradient":""}},"footnotes":""},"categories":[1],"tags":[13],"yoast_head":"<!-- This site is optimized with the Yoast SEO plugin v22.2 - https:\/\/yoast.com\/wordpress\/plugins\/seo\/ -->\n<title>#15: Calendrier de l&#039;Avent en \u00c9t\u00e9 : Pourquoi Anticiper les D\u00e9lais est Essentiel - Lal\u00e9 studio cr\u00e9atif - agence de communication Tours graphisme et illustration<\/title>\n<meta name=\"description\" content=\"Les calendriers de l&#039;avent sont tr\u00e8s \u00e0 la mode et utilis\u00e9s dans tous les secteurs. Pour anticiper la production, il est important de les commencer d\u00e8s l&#039;\u00e9t\u00e9.\" \/>\n<meta name=\"robots\" content=\"index, follow, max-snippet:-1, max-image-preview:large, max-video-preview:-1\" \/>\n<link rel=\"canonical\" href=\"https:\/\/lalestudiocreatif.fr\/index.php\/2024\/05\/26\/15-calendrier-de-lavent-en-ete-pourquoi-anticiper-les-delais-est-essentiel\/\" \/>\n<meta property=\"og:locale\" content=\"fr_FR\" \/>\n<meta property=\"og:type\" content=\"article\" \/>\n<meta property=\"og:title\" content=\"#15: Calendrier de l&#039;Avent en \u00c9t\u00e9 : Pourquoi Anticiper les D\u00e9lais est Essentiel - Lal\u00e9 studio cr\u00e9atif - agence de communication Tours graphisme et illustration\" \/>\n<meta property=\"og:description\" content=\"Les calendriers de l&#039;avent sont tr\u00e8s \u00e0 la mode et utilis\u00e9s dans tous les secteurs. Pour anticiper la production, il est important de les commencer d\u00e8s l&#039;\u00e9t\u00e9.\" \/>\n<meta property=\"og:url\" content=\"https:\/\/lalestudiocreatif.fr\/index.php\/2024\/05\/26\/15-calendrier-de-lavent-en-ete-pourquoi-anticiper-les-delais-est-essentiel\/\" \/>\n<meta property=\"og:site_name\" content=\"Lal\u00e9 studio cr\u00e9atif - agence de communication Tours graphisme et illustration\" \/>\n<meta property=\"article:published_time\" content=\"2024-05-26T11:07:45+00:00\" \/>\n<meta property=\"article:modified_time\" content=\"2025-08-07T13:08:34+00:00\" \/>\n<meta property=\"og:image\" content=\"http:\/\/lalestudiocreatif.fr\/wp-content\/uploads\/2024\/05\/Capture-decran-2024-05-30-a-10.37.29.png\" \/>\n\t<meta property=\"og:image:width\" content=\"2394\" \/>\n\t<meta property=\"og:image:height\" content=\"1616\" \/>\n\t<meta property=\"og:image:type\" content=\"image\/png\" \/>\n<meta name=\"author\" content=\"Ani BOZHKOVA\" \/>\n<meta name=\"twitter:card\" content=\"summary_large_image\" \/>\n<meta name=\"twitter:label1\" content=\"\u00c9crit par\" \/>\n\t<meta name=\"twitter:data1\" content=\"Ani BOZHKOVA\" \/>\n\t<meta name=\"twitter:label2\" content=\"Dur\u00e9e de lecture estim\u00e9e\" \/>\n\t<meta name=\"twitter:data2\" content=\"3 minutes\" \/>\n<script type=\"application\/ld+json\" class=\"yoast-schema-graph\">{\"@context\":\"https:\/\/schema.org\",\"@graph\":[{\"@type\":\"Article\",\"@id\":\"https:\/\/lalestudiocreatif.fr\/index.php\/2024\/05\/26\/15-calendrier-de-lavent-en-ete-pourquoi-anticiper-les-delais-est-essentiel\/#article\",\"isPartOf\":{\"@id\":\"https:\/\/lalestudiocreatif.fr\/index.php\/2024\/05\/26\/15-calendrier-de-lavent-en-ete-pourquoi-anticiper-les-delais-est-essentiel\/\"},\"author\":{\"name\":\"Ani BOZHKOVA\",\"@id\":\"https:\/\/lalestudiocreatif.fr\/#\/schema\/person\/3380d0872b44252f5f128bc2c1625ebe\"},\"headline\":\"#15: Calendrier de l&rsquo;Avent en \u00c9t\u00e9 : Pourquoi Anticiper les D\u00e9lais est Essentiel\",\"datePublished\":\"2024-05-26T11:07:45+00:00\",\"dateModified\":\"2025-08-07T13:08:34+00:00\",\"mainEntityOfPage\":{\"@id\":\"https:\/\/lalestudiocreatif.fr\/index.php\/2024\/05\/26\/15-calendrier-de-lavent-en-ete-pourquoi-anticiper-les-delais-est-essentiel\/\"},\"wordCount\":578,\"publisher\":{\"@id\":\"https:\/\/lalestudiocreatif.fr\/#organization\"},\"image\":{\"@id\":\"https:\/\/lalestudiocreatif.fr\/index.php\/2024\/05\/26\/15-calendrier-de-lavent-en-ete-pourquoi-anticiper-les-delais-est-essentiel\/#primaryimage\"},\"thumbnailUrl\":\"https:\/\/lalestudiocreatif.fr\/wp-content\/uploads\/2024\/05\/Capture-decran-2024-05-30-a-10.37.29.png\",\"keywords\":[\"Tout\"],\"articleSection\":[\"Blog\"],\"inLanguage\":\"fr-FR\"},{\"@type\":\"WebPage\",\"@id\":\"https:\/\/lalestudiocreatif.fr\/index.php\/2024\/05\/26\/15-calendrier-de-lavent-en-ete-pourquoi-anticiper-les-delais-est-essentiel\/\",\"url\":\"https:\/\/lalestudiocreatif.fr\/index.php\/2024\/05\/26\/15-calendrier-de-lavent-en-ete-pourquoi-anticiper-les-delais-est-essentiel\/\",\"name\":\"#15: Calendrier de l'Avent en \u00c9t\u00e9 : Pourquoi Anticiper les D\u00e9lais est Essentiel - Lal\u00e9 studio cr\u00e9atif - agence de communication Tours graphisme et illustration\",\"isPartOf\":{\"@id\":\"https:\/\/lalestudiocreatif.fr\/#website\"},\"primaryImageOfPage\":{\"@id\":\"https:\/\/lalestudiocreatif.fr\/index.php\/2024\/05\/26\/15-calendrier-de-lavent-en-ete-pourquoi-anticiper-les-delais-est-essentiel\/#primaryimage\"},\"image\":{\"@id\":\"https:\/\/lalestudiocreatif.fr\/index.php\/2024\/05\/26\/15-calendrier-de-lavent-en-ete-pourquoi-anticiper-les-delais-est-essentiel\/#primaryimage\"},\"thumbnailUrl\":\"https:\/\/lalestudiocreatif.fr\/wp-content\/uploads\/2024\/05\/Capture-decran-2024-05-30-a-10.37.29.png\",\"datePublished\":\"2024-05-26T11:07:45+00:00\",\"dateModified\":\"2025-08-07T13:08:34+00:00\",\"description\":\"Les calendriers de l'avent sont tr\u00e8s \u00e0 la mode et utilis\u00e9s dans tous les secteurs. Pour anticiper la production, il est important de les commencer d\u00e8s l'\u00e9t\u00e9.\",\"breadcrumb\":{\"@id\":\"https:\/\/lalestudiocreatif.fr\/index.php\/2024\/05\/26\/15-calendrier-de-lavent-en-ete-pourquoi-anticiper-les-delais-est-essentiel\/#breadcrumb\"},\"inLanguage\":\"fr-FR\",\"potentialAction\":[{\"@type\":\"ReadAction\",\"target\":[\"https:\/\/lalestudiocreatif.fr\/index.php\/2024\/05\/26\/15-calendrier-de-lavent-en-ete-pourquoi-anticiper-les-delais-est-essentiel\/\"]}]},{\"@type\":\"ImageObject\",\"inLanguage\":\"fr-FR\",\"@id\":\"https:\/\/lalestudiocreatif.fr\/index.php\/2024\/05\/26\/15-calendrier-de-lavent-en-ete-pourquoi-anticiper-les-delais-est-essentiel\/#primaryimage\",\"url\":\"https:\/\/lalestudiocreatif.fr\/wp-content\/uploads\/2024\/05\/Capture-decran-2024-05-30-a-10.37.29.png\",\"contentUrl\":\"https:\/\/lalestudiocreatif.fr\/wp-content\/uploads\/2024\/05\/Capture-decran-2024-05-30-a-10.37.29.png\",\"width\":2394,\"height\":1616,\"caption\":\"Calendrier de l'avent Bijou Illustratrice graphiste limoges tours\"},{\"@type\":\"BreadcrumbList\",\"@id\":\"https:\/\/lalestudiocreatif.fr\/index.php\/2024\/05\/26\/15-calendrier-de-lavent-en-ete-pourquoi-anticiper-les-delais-est-essentiel\/#breadcrumb\",\"itemListElement\":[{\"@type\":\"ListItem\",\"position\":1,\"name\":\"Accueil\",\"item\":\"https:\/\/lalestudiocreatif.fr\/\"},{\"@type\":\"ListItem\",\"position\":2,\"name\":\"#15: Calendrier de l&#8217;Avent en \u00c9t\u00e9 : Pourquoi Anticiper les D\u00e9lais est Essentiel\"}]},{\"@type\":\"WebSite\",\"@id\":\"https:\/\/lalestudiocreatif.fr\/#website\",\"url\":\"https:\/\/lalestudiocreatif.fr\/\",\"name\":\"Lal\u00e9 studio cr\u00e9atif - agence de communication Tours graphisme et illustration\",\"description\":\"graphiste | agence de communication Tours\",\"publisher\":{\"@id\":\"https:\/\/lalestudiocreatif.fr\/#organization\"},\"potentialAction\":[{\"@type\":\"SearchAction\",\"target\":{\"@type\":\"EntryPoint\",\"urlTemplate\":\"https:\/\/lalestudiocreatif.fr\/?s={search_term_string}\"},\"query-input\":\"required name=search_term_string\"}],\"inLanguage\":\"fr-FR\"},{\"@type\":\"Organization\",\"@id\":\"https:\/\/lalestudiocreatif.fr\/#organization\",\"name\":\"Lal\u00e9 studio cr\u00e9atif - agence de communication Tours graphisme et illustration\",\"url\":\"https:\/\/lalestudiocreatif.fr\/\",\"logo\":{\"@type\":\"ImageObject\",\"inLanguage\":\"fr-FR\",\"@id\":\"https:\/\/lalestudiocreatif.fr\/#\/schema\/logo\/image\/\",\"url\":\"https:\/\/lalestudiocreatif.fr\/wp-content\/uploads\/2024\/06\/cropped-cropped-lale-logo-2024-2.png\",\"contentUrl\":\"https:\/\/lalestudiocreatif.fr\/wp-content\/uploads\/2024\/06\/cropped-cropped-lale-logo-2024-2.png\",\"width\":2461,\"height\":944,\"caption\":\"Lal\u00e9 studio cr\u00e9atif - agence de communication Tours graphisme et illustration\"},\"image\":{\"@id\":\"https:\/\/lalestudiocreatif.fr\/#\/schema\/logo\/image\/\"}},{\"@type\":\"Person\",\"@id\":\"https:\/\/lalestudiocreatif.fr\/#\/schema\/person\/3380d0872b44252f5f128bc2c1625ebe\",\"name\":\"Ani BOZHKOVA\",\"image\":{\"@type\":\"ImageObject\",\"inLanguage\":\"fr-FR\",\"@id\":\"https:\/\/lalestudiocreatif.fr\/#\/schema\/person\/image\/\",\"url\":\"https:\/\/secure.gravatar.com\/avatar\/74b0f698459025615b43dd895e1eeb32?s=96&d=mm&r=g\",\"contentUrl\":\"https:\/\/secure.gravatar.com\/avatar\/74b0f698459025615b43dd895e1eeb32?s=96&d=mm&r=g\",\"caption\":\"Ani BOZHKOVA\"},\"url\":\"https:\/\/lalestudiocreatif.fr\/index.php\/author\/ani-bozhkova\/\"}]}<\/script>\n<!-- \/ Yoast SEO plugin. -->","yoast_head_json":{"title":"#15: Calendrier de l'Avent en \u00c9t\u00e9 : Pourquoi Anticiper les D\u00e9lais est Essentiel - Lal\u00e9 studio cr\u00e9atif - agence de communication Tours graphisme et illustration","description":"Les calendriers de l'avent sont tr\u00e8s \u00e0 la mode et utilis\u00e9s dans tous les secteurs. Pour anticiper la production, il est important de les commencer d\u00e8s l'\u00e9t\u00e9.","robots":{"index":"index","follow":"follow","max-snippet":"max-snippet:-1","max-image-preview":"max-image-preview:large","max-video-preview":"max-video-preview:-1"},"canonical":"https:\/\/lalestudiocreatif.fr\/index.php\/2024\/05\/26\/15-calendrier-de-lavent-en-ete-pourquoi-anticiper-les-delais-est-essentiel\/","og_locale":"fr_FR","og_type":"article","og_title":"#15: Calendrier de l'Avent en \u00c9t\u00e9 : Pourquoi Anticiper les D\u00e9lais est Essentiel - Lal\u00e9 studio cr\u00e9atif - agence de communication Tours graphisme et illustration","og_description":"Les calendriers de l'avent sont tr\u00e8s \u00e0 la mode et utilis\u00e9s dans tous les secteurs. Pour anticiper la production, il est important de les commencer d\u00e8s l'\u00e9t\u00e9.","og_url":"https:\/\/lalestudiocreatif.fr\/index.php\/2024\/05\/26\/15-calendrier-de-lavent-en-ete-pourquoi-anticiper-les-delais-est-essentiel\/","og_site_name":"Lal\u00e9 studio cr\u00e9atif - agence de communication Tours graphisme et illustration","article_published_time":"2024-05-26T11:07:45+00:00","article_modified_time":"2025-08-07T13:08:34+00:00","og_image":[{"width":2394,"height":1616,"url":"http:\/\/lalestudiocreatif.fr\/wp-content\/uploads\/2024\/05\/Capture-decran-2024-05-30-a-10.37.29.png","type":"image\/png"}],"author":"Ani BOZHKOVA","twitter_card":"summary_large_image","twitter_misc":{"\u00c9crit par":"Ani BOZHKOVA","Dur\u00e9e de lecture estim\u00e9e":"3 minutes"},"schema":{"@context":"https:\/\/schema.org","@graph":[{"@type":"Article","@id":"https:\/\/lalestudiocreatif.fr\/index.php\/2024\/05\/26\/15-calendrier-de-lavent-en-ete-pourquoi-anticiper-les-delais-est-essentiel\/#article","isPartOf":{"@id":"https:\/\/lalestudiocreatif.fr\/index.php\/2024\/05\/26\/15-calendrier-de-lavent-en-ete-pourquoi-anticiper-les-delais-est-essentiel\/"},"author":{"name":"Ani BOZHKOVA","@id":"https:\/\/lalestudiocreatif.fr\/#\/schema\/person\/3380d0872b44252f5f128bc2c1625ebe"},"headline":"#15: Calendrier de l&rsquo;Avent en \u00c9t\u00e9 : Pourquoi Anticiper les D\u00e9lais est Essentiel","datePublished":"2024-05-26T11:07:45+00:00","dateModified":"2025-08-07T13:08:34+00:00","mainEntityOfPage":{"@id":"https:\/\/lalestudiocreatif.fr\/index.php\/2024\/05\/26\/15-calendrier-de-lavent-en-ete-pourquoi-anticiper-les-delais-est-essentiel\/"},"wordCount":578,"publisher":{"@id":"https:\/\/lalestudiocreatif.fr\/#organization"},"image":{"@id":"https:\/\/lalestudiocreatif.fr\/index.php\/2024\/05\/26\/15-calendrier-de-lavent-en-ete-pourquoi-anticiper-les-delais-est-essentiel\/#primaryimage"},"thumbnailUrl":"https:\/\/lalestudiocreatif.fr\/wp-content\/uploads\/2024\/05\/Capture-decran-2024-05-30-a-10.37.29.png","keywords":["Tout"],"articleSection":["Blog"],"inLanguage":"fr-FR"},{"@type":"WebPage","@id":"https:\/\/lalestudiocreatif.fr\/index.php\/2024\/05\/26\/15-calendrier-de-lavent-en-ete-pourquoi-anticiper-les-delais-est-essentiel\/","url":"https:\/\/lalestudiocreatif.fr\/index.php\/2024\/05\/26\/15-calendrier-de-lavent-en-ete-pourquoi-anticiper-les-delais-est-essentiel\/","name":"#15: Calendrier de l'Avent en \u00c9t\u00e9 : Pourquoi Anticiper les D\u00e9lais est Essentiel - Lal\u00e9 studio cr\u00e9atif - agence de communication Tours graphisme et illustration","isPartOf":{"@id":"https:\/\/lalestudiocreatif.fr\/#website"},"primaryImageOfPage":{"@id":"https:\/\/lalestudiocreatif.fr\/index.php\/2024\/05\/26\/15-calendrier-de-lavent-en-ete-pourquoi-anticiper-les-delais-est-essentiel\/#primaryimage"},"image":{"@id":"https:\/\/lalestudiocreatif.fr\/index.php\/2024\/05\/26\/15-calendrier-de-lavent-en-ete-pourquoi-anticiper-les-delais-est-essentiel\/#primaryimage"},"thumbnailUrl":"https:\/\/lalestudiocreatif.fr\/wp-content\/uploads\/2024\/05\/Capture-decran-2024-05-30-a-10.37.29.png","datePublished":"2024-05-26T11:07:45+00:00","dateModified":"2025-08-07T13:08:34+00:00","description":"Les calendriers de l'avent sont tr\u00e8s \u00e0 la mode et utilis\u00e9s dans tous les secteurs. Pour anticiper la production, il est important de les commencer d\u00e8s l'\u00e9t\u00e9.","breadcrumb":{"@id":"https:\/\/lalestudiocreatif.fr\/index.php\/2024\/05\/26\/15-calendrier-de-lavent-en-ete-pourquoi-anticiper-les-delais-est-essentiel\/#breadcrumb"},"inLanguage":"fr-FR","potentialAction":[{"@type":"ReadAction","target":["https:\/\/lalestudiocreatif.fr\/index.php\/2024\/05\/26\/15-calendrier-de-lavent-en-ete-pourquoi-anticiper-les-delais-est-essentiel\/"]}]},{"@type":"ImageObject","inLanguage":"fr-FR","@id":"https:\/\/lalestudiocreatif.fr\/index.php\/2024\/05\/26\/15-calendrier-de-lavent-en-ete-pourquoi-anticiper-les-delais-est-essentiel\/#primaryimage","url":"https:\/\/lalestudiocreatif.fr\/wp-content\/uploads\/2024\/05\/Capture-decran-2024-05-30-a-10.37.29.png","contentUrl":"https:\/\/lalestudiocreatif.fr\/wp-content\/uploads\/2024\/05\/Capture-decran-2024-05-30-a-10.37.29.png","width":2394,"height":1616,"caption":"Calendrier de l'avent Bijou Illustratrice graphiste limoges tours"},{"@type":"BreadcrumbList","@id":"https:\/\/lalestudiocreatif.fr\/index.php\/2024\/05\/26\/15-calendrier-de-lavent-en-ete-pourquoi-anticiper-les-delais-est-essentiel\/#breadcrumb","itemListElement":[{"@type":"ListItem","position":1,"name":"Accueil","item":"https:\/\/lalestudiocreatif.fr\/"},{"@type":"ListItem","position":2,"name":"#15: Calendrier de l&#8217;Avent en \u00c9t\u00e9 : Pourquoi Anticiper les D\u00e9lais est Essentiel"}]},{"@type":"WebSite","@id":"https:\/\/lalestudiocreatif.fr\/#website","url":"https:\/\/lalestudiocreatif.fr\/","name":"Lal\u00e9 studio cr\u00e9atif - agence de communication Tours graphisme et illustration","description":"graphiste | agence de communication Tours","publisher":{"@id":"https:\/\/lalestudiocreatif.fr\/#organization"},"potentialAction":[{"@type":"SearchAction","target":{"@type":"EntryPoint","urlTemplate":"https:\/\/lalestudiocreatif.fr\/?s={search_term_string}"},"query-input":"required name=search_term_string"}],"inLanguage":"fr-FR"},{"@type":"Organization","@id":"https:\/\/lalestudiocreatif.fr\/#organization","name":"Lal\u00e9 studio cr\u00e9atif - agence de communication Tours graphisme et illustration","url":"https:\/\/lalestudiocreatif.fr\/","logo":{"@type":"ImageObject","inLanguage":"fr-FR","@id":"https:\/\/lalestudiocreatif.fr\/#\/schema\/logo\/image\/","url":"https:\/\/lalestudiocreatif.fr\/wp-content\/uploads\/2024\/06\/cropped-cropped-lale-logo-2024-2.png","contentUrl":"https:\/\/lalestudiocreatif.fr\/wp-content\/uploads\/2024\/06\/cropped-cropped-lale-logo-2024-2.png","width":2461,"height":944,"caption":"Lal\u00e9 studio cr\u00e9atif - agence de communication Tours graphisme et illustration"},"image":{"@id":"https:\/\/lalestudiocreatif.fr\/#\/schema\/logo\/image\/"}},{"@type":"Person","@id":"https:\/\/lalestudiocreatif.fr\/#\/schema\/person\/3380d0872b44252f5f128bc2c1625ebe","name":"Ani BOZHKOVA","image":{"@type":"ImageObject","inLanguage":"fr-FR","@id":"https:\/\/lalestudiocreatif.fr\/#\/schema\/person\/image\/","url":"https:\/\/secure.gravatar.com\/avatar\/74b0f698459025615b43dd895e1eeb32?s=96&d=mm&r=g","contentUrl":"https:\/\/secure.gravatar.com\/avatar\/74b0f698459025615b43dd895e1eeb32?s=96&d=mm&r=g","caption":"Ani BOZHKOVA"},"url":"https:\/\/lalestudiocreatif.fr\/index.php\/author\/ani-bozhkova\/"}]}},"_links":{"self":[{"href":"https:\/\/lalestudiocreatif.fr\/index.php\/wp-json\/wp\/v2\/posts\/1500"}],"collection":[{"href":"https:\/\/lalestudiocreatif.fr\/index.php\/wp-json\/wp\/v2\/posts"}],"about":[{"href":"https:\/\/lalestudiocreatif.fr\/index.php\/wp-json\/wp\/v2\/types\/post"}],"author":[{"embeddable":true,"href":"https:\/\/lalestudiocreatif.fr\/index.php\/wp-json\/wp\/v2\/users\/2"}],"replies":[{"embeddable":true,"href":"https:\/\/lalestudiocreatif.fr\/index.php\/wp-json\/wp\/v2\/comments?post=1500"}],"version-history":[{"count":8,"href":"https:\/\/lalestudiocreatif.fr\/index.php\/wp-json\/wp\/v2\/posts\/1500\/revisions"}],"predecessor-version":[{"id":2435,"href":"https:\/\/lalestudiocreatif.fr\/index.php\/wp-json\/wp\/v2\/posts\/1500\/revisions\/2435"}],"wp:featuredmedia":[{"embeddable":true,"href":"https:\/\/lalestudiocreatif.fr\/index.php\/wp-json\/wp\/v2\/media\/1514"}],"wp:attachment":[{"href":"https:\/\/lalestudiocreatif.fr\/index.php\/wp-json\/wp\/v2\/media?parent=1500"}],"wp:term":[{"taxonomy":"category","embeddable":true,"href":"https:\/\/lalestudiocreatif.fr\/index.php\/wp-json\/wp\/v2\/categories?post=1500"},{"taxonomy":"post_tag","embeddable":true,"href":"https:\/\/lalestudiocreatif.fr\/index.php\/wp-json\/wp\/v2\/tags?post=1500"}],"curies":[{"name":"wp","href":"https:\/\/api.w.org\/{rel}","templated":true}]}}