{"id":2890,"date":"2026-03-10T10:32:23","date_gmt":"2026-03-10T09:32:23","guid":{"rendered":"https:\/\/lalestudiocreatif.fr\/?p=2890"},"modified":"2026-03-08T10:51:06","modified_gmt":"2026-03-08T09:51:06","slug":"63-identite-visuelle-pour-une-aoc","status":"publish","type":"post","link":"https:\/\/lalestudiocreatif.fr\/index.php\/2026\/03\/10\/63-identite-visuelle-pour-une-aoc\/","title":{"rendered":"#63 : \u00ab\u00a0Identit\u00e9 visuelle pour une AOC\u00a0\u00bb"},"content":{"rendered":"\n<p><\/p>\n\n\n\n<h1 class=\"wp-block-heading\">#63 : Identit\u00e9 visuelle pour une AOC<\/h1>\n\n\n\n<p>Cr\u00e9er une\u00a0<a href=\"https:\/\/lalestudiocreatif.fr\/index.php\/projets\/\">identit\u00e9 visuelle<\/a> pour une AOC\u00a0demande une vision claire et strat\u00e9gique. L\u2019objectif est de valoriser le territoire, les vignerons et l\u2019appellation. Le projet des 90 ans de Vouvray illustre bien ce travail global autour d\u2019un anniversaire d\u2019AOC. Une\u00a0agence de communication \u00e0 Tours\u00a0et un\u00a0graphiste\u00a0peuvent accompagner ce type de d\u00e9marche.<\/p>\n\n\n\n<h2 class=\"wp-block-heading\">Le projet<\/h2>\n\n\n\n<p>Un projet d\u2019identit\u00e9 visuelle pour une appellation na\u00eet souvent d\u2019un\u00a0appel d\u2019offres public. Les enjeux sont multiples\u202f: f\u00e9d\u00e9rer les vignerons, parler aux professionnels et au grand public. Pour Vouvray, l\u2019id\u00e9e \u00e9tait de c\u00e9l\u00e9brer 90 ans tout en modernisant l\u2019image de l\u2019appellation. Le travail a \u00e9t\u00e9 pens\u00e9 comme une charte durable, au\u2011del\u00e0 de la seule ann\u00e9e anniversaire.<\/p>\n\n\n\n<h2 class=\"wp-block-heading\">La charte graphique<\/h2>\n\n\n\n<p>La\u00a0<a href=\"https:\/\/vignerons-engages.com\/wp-content\/uploads\/2020\/02\/CHARTE-GRAPHIQUE-VIGNERONS-ENGAGES-V2-2020.pdf\">charte graphique <\/a>compl\u00e8te\u00a0constitue le c\u0153ur du projet. Elle d\u00e9finit le\u00a0logo, la\u00a0palette de couleurs, les\u00a0typographies\u00a0et les usages pr\u00e9cis de chaque \u00e9l\u00e9ment. Des\u00a0motifs graphiques identitaires\u00a0viennent enrichir l\u2019univers visuel de l\u2019AOC. La charte pr\u00e9cise aussi comment adapter le graphisme selon les supports\u202f: petit format, grands tirages, web ou print.<\/p>\n\n\n\n<h2 class=\"wp-block-heading\">Les supports (poster, kakemono, tote-bag, stickers\u2026)<\/h2>\n\n\n\n<p>Une identit\u00e9 d\u2019appellation\u00a0doit vivre sur de nombreux\u00a0supports. Pour Vouvray, l\u2019univers a \u00e9t\u00e9 d\u00e9clin\u00e9 sur\u00a0posters,\u00a0stickers,\u00a0kakemonos\u00a0et\u00a0tote\u2011bags, entre autres. Ces supports accompagnent les vignerons en salon, en boutique ou lors d\u2019\u00e9v\u00e9nements publics. Affiches, signal\u00e9tique et objets imprim\u00e9s renforcent la pr\u00e9sence de l\u2019AOC sur le terrain. Chaque usage reste guid\u00e9 par la charte graphique, pour garder une image coh\u00e9rente.<\/p>\n\n\n\n<h2 class=\"wp-block-heading\">L\u2019illustration<\/h2>\n\n\n\n<p>L\u2019illustration\u00a0apporte une dimension sensible au projet. Elle peut \u00e9voquer le paysage, les vignes, l\u2019architecture locale ou des symboles propres \u00e0 l\u2019appellation. Pour une AOC, ces dessins deviennent de vrais marqueurs identitaires. Ils se retrouvent sur les supports imprim\u00e9s et num\u00e9riques. Le r\u00f4le du graphiste illustrateur est de traduire l\u2019histoire collective en langage visuel accessible.<\/p>\n\n\n\n<h2 class=\"wp-block-heading\">Une identit\u00e9 visuelle au service des vignerons<\/h2>\n\n\n\n<p>Une identit\u00e9 visuelle pour une AOC est un outil au service des\u00a0vignerons. Elle les aide \u00e0 se pr\u00e9senter sous une banni\u00e8re commune, forte et lisible. Les caves, \u00e9v\u00e9nements collectifs et communications partag\u00e9es gagnent en impact gr\u00e2ce \u00e0 cette base graphique. Une\u00a0agence de communication \u00e0 Tours\u00a0coordonne la r\u00e9flexion, la cr\u00e9ation et les d\u00e9clinaisons. Au final, l\u2019appellation dispose d\u2019un univers visuel clair, p\u00e9renne et reconnaissable, au b\u00e9n\u00e9fice de tous.<\/p>\n\n\n\n<h2 class=\"wp-block-heading\">Le r\u00f4le de l\u2019agence de communication \u00e0 Tours<\/h2>\n\n\n\n<p>Une&nbsp;agence de communication&nbsp;\u00e0&nbsp;Tours&nbsp;coordonne la cr\u00e9ation et les d\u00e9clinaisons. Elle accompagne la r\u00e9ponse \u00e0 l\u2019appel d\u2019offres, la strat\u00e9gie visuelle et la production des supports. L\u2019agence travaille en lien \u00e9troit avec le client et les partenaires. Elle garantit la coh\u00e9rence entre intention, charte et r\u00e9alisations finales. Cette collaboration augmente les chances de gagner un appel d\u2019offres public et de signer une identit\u00e9 visuelle durable.<\/p>\n\n\n\n<p>\ud83d\udce9<a href=\"https:\/\/lalestudiocreatif.fr\/index.php\/contact\/\">Contactez nous&nbsp;<\/a>pour discuter de vos projets !<\/p>\n","protected":false},"excerpt":{"rendered":"<p>#63 : Identit\u00e9 visuelle pour une AOC Cr\u00e9er une\u00a0identit\u00e9 visuelle pour une AOC\u00a0demande une vision claire et strat\u00e9gique. L\u2019objectif est [&hellip;]<\/p>\n","protected":false},"author":2,"featured_media":2771,"comment_status":"closed","ping_status":"closed","sticky":false,"template":"","format":"standard","meta":{"site-sidebar-layout":"default","site-content-layout":"","ast-site-content-layout":"default","site-content-style":"default","site-sidebar-style":"default","ast-global-header-display":"","ast-banner-title-visibility":"","ast-main-header-display":"","ast-hfb-above-header-display":"","ast-hfb-below-header-display":"","ast-hfb-mobile-header-display":"","site-post-title":"disabled","ast-breadcrumbs-content":"","ast-featured-img":"","footer-sml-layout":"","theme-transparent-header-meta":"","adv-header-id-meta":"","stick-header-meta":"","header-above-stick-meta":"","header-main-stick-meta":"","header-below-stick-meta":"","astra-migrate-meta-layouts":"set","ast-page-background-enabled":"default","ast-page-background-meta":{"desktop":{"background-color":"var(--ast-global-color-4)","background-image":"","background-repeat":"repeat","background-position":"center center","background-size":"auto","background-attachment":"scroll","background-type":"","background-media":"","overlay-type":"","overlay-color":"","overlay-opacity":"","overlay-gradient":""},"tablet":{"background-color":"","background-image":"","background-repeat":"repeat","background-position":"center center","background-size":"auto","background-attachment":"scroll","background-type":"","background-media":"","overlay-type":"","overlay-color":"","overlay-opacity":"","overlay-gradient":""},"mobile":{"background-color":"","background-image":"","background-repeat":"repeat","background-position":"center center","background-size":"auto","background-attachment":"scroll","background-type":"","background-media":"","overlay-type":"","overlay-color":"","overlay-opacity":"","overlay-gradient":""}},"ast-content-background-meta":{"desktop":{"background-color":"var(--ast-global-color-5)","background-image":"","background-repeat":"repeat","background-position":"center center","background-size":"auto","background-attachment":"scroll","background-type":"","background-media":"","overlay-type":"","overlay-color":"","overlay-opacity":"","overlay-gradient":""},"tablet":{"background-color":"var(--ast-global-color-5)","background-image":"","background-repeat":"repeat","background-position":"center center","background-size":"auto","background-attachment":"scroll","background-type":"","background-media":"","overlay-type":"","overlay-color":"","overlay-opacity":"","overlay-gradient":""},"mobile":{"background-color":"var(--ast-global-color-5)","background-image":"","background-repeat":"repeat","background-position":"center center","background-size":"auto","background-attachment":"scroll","background-type":"","background-media":"","overlay-type":"","overlay-color":"","overlay-opacity":"","overlay-gradient":""}},"footnotes":""},"categories":[1,9,18,8],"tags":[11,13],"yoast_head":"<!-- This site is optimized with the Yoast SEO plugin v22.2 - https:\/\/yoast.com\/wordpress\/plugins\/seo\/ -->\n<title>Identit\u00e9 visuelle pour une AOC<\/title>\n<meta name=\"description\" content=\"Identit\u00e9 visuelle pour une AOC : logo, charte graphique compl\u00e8te et supports imprim\u00e9s pour valoriser vignerons et appellation \u00e0 Tours.\" \/>\n<meta name=\"robots\" content=\"index, follow, max-snippet:-1, max-image-preview:large, max-video-preview:-1\" \/>\n<link rel=\"canonical\" href=\"https:\/\/lalestudiocreatif.fr\/index.php\/2026\/03\/10\/63-identite-visuelle-pour-une-aoc\/\" \/>\n<meta property=\"og:locale\" content=\"fr_FR\" \/>\n<meta property=\"og:type\" content=\"article\" \/>\n<meta property=\"og:title\" content=\"Identit\u00e9 visuelle pour une AOC\" \/>\n<meta property=\"og:description\" content=\"Identit\u00e9 visuelle pour une AOC : logo, charte graphique compl\u00e8te et supports imprim\u00e9s pour valoriser vignerons et appellation \u00e0 Tours.\" \/>\n<meta property=\"og:url\" content=\"https:\/\/lalestudiocreatif.fr\/index.php\/2026\/03\/10\/63-identite-visuelle-pour-une-aoc\/\" \/>\n<meta property=\"og:site_name\" content=\"Lal\u00e9 studio cr\u00e9atif - agence de communication Tours graphisme et illustration\" \/>\n<meta property=\"article:published_time\" content=\"2026-03-10T09:32:23+00:00\" \/>\n<meta property=\"article:modified_time\" content=\"2026-03-08T09:51:06+00:00\" \/>\n<meta property=\"og:image\" content=\"https:\/\/lalestudiocreatif.fr\/wp-content\/uploads\/2026\/02\/aoc-vouvray-logo-90-ans-03-1-scaled.jpg\" \/>\n\t<meta property=\"og:image:width\" content=\"2560\" \/>\n\t<meta property=\"og:image:height\" content=\"1707\" \/>\n\t<meta property=\"og:image:type\" content=\"image\/jpeg\" \/>\n<meta name=\"author\" content=\"Ani BOZHKOVA\" \/>\n<meta name=\"twitter:card\" content=\"summary_large_image\" \/>\n<meta name=\"twitter:label1\" content=\"\u00c9crit par\" \/>\n\t<meta name=\"twitter:data1\" content=\"Ani BOZHKOVA\" \/>\n\t<meta name=\"twitter:label2\" content=\"Dur\u00e9e de lecture estim\u00e9e\" \/>\n\t<meta name=\"twitter:data2\" content=\"3 minutes\" \/>\n<script type=\"application\/ld+json\" class=\"yoast-schema-graph\">{\"@context\":\"https:\/\/schema.org\",\"@graph\":[{\"@type\":\"Article\",\"@id\":\"https:\/\/lalestudiocreatif.fr\/index.php\/2026\/03\/10\/63-identite-visuelle-pour-une-aoc\/#article\",\"isPartOf\":{\"@id\":\"https:\/\/lalestudiocreatif.fr\/index.php\/2026\/03\/10\/63-identite-visuelle-pour-une-aoc\/\"},\"author\":{\"name\":\"Ani BOZHKOVA\",\"@id\":\"https:\/\/lalestudiocreatif.fr\/#\/schema\/person\/3380d0872b44252f5f128bc2c1625ebe\"},\"headline\":\"#63 : \u00ab\u00a0Identit\u00e9 visuelle pour une AOC\u00a0\u00bb\",\"datePublished\":\"2026-03-10T09:32:23+00:00\",\"dateModified\":\"2026-03-08T09:51:06+00:00\",\"mainEntityOfPage\":{\"@id\":\"https:\/\/lalestudiocreatif.fr\/index.php\/2026\/03\/10\/63-identite-visuelle-pour-une-aoc\/\"},\"wordCount\":529,\"publisher\":{\"@id\":\"https:\/\/lalestudiocreatif.fr\/#organization\"},\"image\":{\"@id\":\"https:\/\/lalestudiocreatif.fr\/index.php\/2026\/03\/10\/63-identite-visuelle-pour-une-aoc\/#primaryimage\"},\"thumbnailUrl\":\"https:\/\/lalestudiocreatif.fr\/wp-content\/uploads\/2026\/02\/aoc-vouvray-logo-90-ans-03-1-scaled.jpg\",\"keywords\":[\"Graphisme\",\"Tout\"],\"articleSection\":[\"Blog\",\"brochures, flyers, affiches\",\"communication\",\"logo &amp; identit\u00e9 visuelle\"],\"inLanguage\":\"fr-FR\"},{\"@type\":\"WebPage\",\"@id\":\"https:\/\/lalestudiocreatif.fr\/index.php\/2026\/03\/10\/63-identite-visuelle-pour-une-aoc\/\",\"url\":\"https:\/\/lalestudiocreatif.fr\/index.php\/2026\/03\/10\/63-identite-visuelle-pour-une-aoc\/\",\"name\":\"Identit\u00e9 visuelle pour une AOC\",\"isPartOf\":{\"@id\":\"https:\/\/lalestudiocreatif.fr\/#website\"},\"primaryImageOfPage\":{\"@id\":\"https:\/\/lalestudiocreatif.fr\/index.php\/2026\/03\/10\/63-identite-visuelle-pour-une-aoc\/#primaryimage\"},\"image\":{\"@id\":\"https:\/\/lalestudiocreatif.fr\/index.php\/2026\/03\/10\/63-identite-visuelle-pour-une-aoc\/#primaryimage\"},\"thumbnailUrl\":\"https:\/\/lalestudiocreatif.fr\/wp-content\/uploads\/2026\/02\/aoc-vouvray-logo-90-ans-03-1-scaled.jpg\",\"datePublished\":\"2026-03-10T09:32:23+00:00\",\"dateModified\":\"2026-03-08T09:51:06+00:00\",\"description\":\"Identit\u00e9 visuelle pour une AOC : logo, charte graphique compl\u00e8te et supports imprim\u00e9s pour valoriser vignerons et appellation \u00e0 Tours.\",\"breadcrumb\":{\"@id\":\"https:\/\/lalestudiocreatif.fr\/index.php\/2026\/03\/10\/63-identite-visuelle-pour-une-aoc\/#breadcrumb\"},\"inLanguage\":\"fr-FR\",\"potentialAction\":[{\"@type\":\"ReadAction\",\"target\":[\"https:\/\/lalestudiocreatif.fr\/index.php\/2026\/03\/10\/63-identite-visuelle-pour-une-aoc\/\"]}]},{\"@type\":\"ImageObject\",\"inLanguage\":\"fr-FR\",\"@id\":\"https:\/\/lalestudiocreatif.fr\/index.php\/2026\/03\/10\/63-identite-visuelle-pour-une-aoc\/#primaryimage\",\"url\":\"https:\/\/lalestudiocreatif.fr\/wp-content\/uploads\/2026\/02\/aoc-vouvray-logo-90-ans-03-1-scaled.jpg\",\"contentUrl\":\"https:\/\/lalestudiocreatif.fr\/wp-content\/uploads\/2026\/02\/aoc-vouvray-logo-90-ans-03-1-scaled.jpg\",\"width\":2560,\"height\":1707,\"caption\":\"90 ans Vouvray AOC appel d\u2019offres public, identit\u00e9 visuelle, charte graphique compl\u00e8te, logo, palette de couleurs, typographies, des motifs graphiques identitaires, graphisme, graphiste, agence de communication, Tours, vignerons, appellation, supports (affiches, stickers, poster, kakemono, tote-bag...), vigneron, appellation\"},{\"@type\":\"BreadcrumbList\",\"@id\":\"https:\/\/lalestudiocreatif.fr\/index.php\/2026\/03\/10\/63-identite-visuelle-pour-une-aoc\/#breadcrumb\",\"itemListElement\":[{\"@type\":\"ListItem\",\"position\":1,\"name\":\"Accueil\",\"item\":\"https:\/\/lalestudiocreatif.fr\/\"},{\"@type\":\"ListItem\",\"position\":2,\"name\":\"#63 : \u00ab\u00a0Identit\u00e9 visuelle pour une AOC\u00a0\u00bb\"}]},{\"@type\":\"WebSite\",\"@id\":\"https:\/\/lalestudiocreatif.fr\/#website\",\"url\":\"https:\/\/lalestudiocreatif.fr\/\",\"name\":\"Lal\u00e9 studio cr\u00e9atif - agence de communication Tours graphisme et illustration\",\"description\":\"graphiste | agence de communication Tours\",\"publisher\":{\"@id\":\"https:\/\/lalestudiocreatif.fr\/#organization\"},\"potentialAction\":[{\"@type\":\"SearchAction\",\"target\":{\"@type\":\"EntryPoint\",\"urlTemplate\":\"https:\/\/lalestudiocreatif.fr\/?s={search_term_string}\"},\"query-input\":\"required name=search_term_string\"}],\"inLanguage\":\"fr-FR\"},{\"@type\":\"Organization\",\"@id\":\"https:\/\/lalestudiocreatif.fr\/#organization\",\"name\":\"Lal\u00e9 studio cr\u00e9atif - agence de communication Tours graphisme et illustration\",\"url\":\"https:\/\/lalestudiocreatif.fr\/\",\"logo\":{\"@type\":\"ImageObject\",\"inLanguage\":\"fr-FR\",\"@id\":\"https:\/\/lalestudiocreatif.fr\/#\/schema\/logo\/image\/\",\"url\":\"https:\/\/lalestudiocreatif.fr\/wp-content\/uploads\/2024\/06\/cropped-cropped-lale-logo-2024-2.png\",\"contentUrl\":\"https:\/\/lalestudiocreatif.fr\/wp-content\/uploads\/2024\/06\/cropped-cropped-lale-logo-2024-2.png\",\"width\":2461,\"height\":944,\"caption\":\"Lal\u00e9 studio cr\u00e9atif - agence de communication Tours graphisme et illustration\"},\"image\":{\"@id\":\"https:\/\/lalestudiocreatif.fr\/#\/schema\/logo\/image\/\"}},{\"@type\":\"Person\",\"@id\":\"https:\/\/lalestudiocreatif.fr\/#\/schema\/person\/3380d0872b44252f5f128bc2c1625ebe\",\"name\":\"Ani BOZHKOVA\",\"image\":{\"@type\":\"ImageObject\",\"inLanguage\":\"fr-FR\",\"@id\":\"https:\/\/lalestudiocreatif.fr\/#\/schema\/person\/image\/\",\"url\":\"https:\/\/secure.gravatar.com\/avatar\/74b0f698459025615b43dd895e1eeb32?s=96&d=mm&r=g\",\"contentUrl\":\"https:\/\/secure.gravatar.com\/avatar\/74b0f698459025615b43dd895e1eeb32?s=96&d=mm&r=g\",\"caption\":\"Ani BOZHKOVA\"},\"url\":\"https:\/\/lalestudiocreatif.fr\/index.php\/author\/ani-bozhkova\/\"}]}<\/script>\n<!-- \/ Yoast SEO plugin. -->","yoast_head_json":{"title":"Identit\u00e9 visuelle pour une AOC","description":"Identit\u00e9 visuelle pour une AOC : logo, charte graphique compl\u00e8te et supports imprim\u00e9s pour valoriser vignerons et appellation \u00e0 Tours.","robots":{"index":"index","follow":"follow","max-snippet":"max-snippet:-1","max-image-preview":"max-image-preview:large","max-video-preview":"max-video-preview:-1"},"canonical":"https:\/\/lalestudiocreatif.fr\/index.php\/2026\/03\/10\/63-identite-visuelle-pour-une-aoc\/","og_locale":"fr_FR","og_type":"article","og_title":"Identit\u00e9 visuelle pour une AOC","og_description":"Identit\u00e9 visuelle pour une AOC : logo, charte graphique compl\u00e8te et supports imprim\u00e9s pour valoriser vignerons et appellation \u00e0 Tours.","og_url":"https:\/\/lalestudiocreatif.fr\/index.php\/2026\/03\/10\/63-identite-visuelle-pour-une-aoc\/","og_site_name":"Lal\u00e9 studio cr\u00e9atif - agence de communication Tours graphisme et illustration","article_published_time":"2026-03-10T09:32:23+00:00","article_modified_time":"2026-03-08T09:51:06+00:00","og_image":[{"width":2560,"height":1707,"url":"https:\/\/lalestudiocreatif.fr\/wp-content\/uploads\/2026\/02\/aoc-vouvray-logo-90-ans-03-1-scaled.jpg","type":"image\/jpeg"}],"author":"Ani BOZHKOVA","twitter_card":"summary_large_image","twitter_misc":{"\u00c9crit par":"Ani BOZHKOVA","Dur\u00e9e de lecture estim\u00e9e":"3 minutes"},"schema":{"@context":"https:\/\/schema.org","@graph":[{"@type":"Article","@id":"https:\/\/lalestudiocreatif.fr\/index.php\/2026\/03\/10\/63-identite-visuelle-pour-une-aoc\/#article","isPartOf":{"@id":"https:\/\/lalestudiocreatif.fr\/index.php\/2026\/03\/10\/63-identite-visuelle-pour-une-aoc\/"},"author":{"name":"Ani BOZHKOVA","@id":"https:\/\/lalestudiocreatif.fr\/#\/schema\/person\/3380d0872b44252f5f128bc2c1625ebe"},"headline":"#63 : \u00ab\u00a0Identit\u00e9 visuelle pour une AOC\u00a0\u00bb","datePublished":"2026-03-10T09:32:23+00:00","dateModified":"2026-03-08T09:51:06+00:00","mainEntityOfPage":{"@id":"https:\/\/lalestudiocreatif.fr\/index.php\/2026\/03\/10\/63-identite-visuelle-pour-une-aoc\/"},"wordCount":529,"publisher":{"@id":"https:\/\/lalestudiocreatif.fr\/#organization"},"image":{"@id":"https:\/\/lalestudiocreatif.fr\/index.php\/2026\/03\/10\/63-identite-visuelle-pour-une-aoc\/#primaryimage"},"thumbnailUrl":"https:\/\/lalestudiocreatif.fr\/wp-content\/uploads\/2026\/02\/aoc-vouvray-logo-90-ans-03-1-scaled.jpg","keywords":["Graphisme","Tout"],"articleSection":["Blog","brochures, flyers, affiches","communication","logo &amp; identit\u00e9 visuelle"],"inLanguage":"fr-FR"},{"@type":"WebPage","@id":"https:\/\/lalestudiocreatif.fr\/index.php\/2026\/03\/10\/63-identite-visuelle-pour-une-aoc\/","url":"https:\/\/lalestudiocreatif.fr\/index.php\/2026\/03\/10\/63-identite-visuelle-pour-une-aoc\/","name":"Identit\u00e9 visuelle pour une AOC","isPartOf":{"@id":"https:\/\/lalestudiocreatif.fr\/#website"},"primaryImageOfPage":{"@id":"https:\/\/lalestudiocreatif.fr\/index.php\/2026\/03\/10\/63-identite-visuelle-pour-une-aoc\/#primaryimage"},"image":{"@id":"https:\/\/lalestudiocreatif.fr\/index.php\/2026\/03\/10\/63-identite-visuelle-pour-une-aoc\/#primaryimage"},"thumbnailUrl":"https:\/\/lalestudiocreatif.fr\/wp-content\/uploads\/2026\/02\/aoc-vouvray-logo-90-ans-03-1-scaled.jpg","datePublished":"2026-03-10T09:32:23+00:00","dateModified":"2026-03-08T09:51:06+00:00","description":"Identit\u00e9 visuelle pour une AOC : logo, charte graphique compl\u00e8te et supports imprim\u00e9s pour valoriser vignerons et appellation \u00e0 Tours.","breadcrumb":{"@id":"https:\/\/lalestudiocreatif.fr\/index.php\/2026\/03\/10\/63-identite-visuelle-pour-une-aoc\/#breadcrumb"},"inLanguage":"fr-FR","potentialAction":[{"@type":"ReadAction","target":["https:\/\/lalestudiocreatif.fr\/index.php\/2026\/03\/10\/63-identite-visuelle-pour-une-aoc\/"]}]},{"@type":"ImageObject","inLanguage":"fr-FR","@id":"https:\/\/lalestudiocreatif.fr\/index.php\/2026\/03\/10\/63-identite-visuelle-pour-une-aoc\/#primaryimage","url":"https:\/\/lalestudiocreatif.fr\/wp-content\/uploads\/2026\/02\/aoc-vouvray-logo-90-ans-03-1-scaled.jpg","contentUrl":"https:\/\/lalestudiocreatif.fr\/wp-content\/uploads\/2026\/02\/aoc-vouvray-logo-90-ans-03-1-scaled.jpg","width":2560,"height":1707,"caption":"90 ans Vouvray AOC appel d\u2019offres public, identit\u00e9 visuelle, charte graphique compl\u00e8te, logo, palette de couleurs, typographies, des motifs graphiques identitaires, graphisme, graphiste, agence de communication, Tours, vignerons, appellation, supports (affiches, stickers, poster, kakemono, tote-bag...), vigneron, appellation"},{"@type":"BreadcrumbList","@id":"https:\/\/lalestudiocreatif.fr\/index.php\/2026\/03\/10\/63-identite-visuelle-pour-une-aoc\/#breadcrumb","itemListElement":[{"@type":"ListItem","position":1,"name":"Accueil","item":"https:\/\/lalestudiocreatif.fr\/"},{"@type":"ListItem","position":2,"name":"#63 : \u00ab\u00a0Identit\u00e9 visuelle pour une AOC\u00a0\u00bb"}]},{"@type":"WebSite","@id":"https:\/\/lalestudiocreatif.fr\/#website","url":"https:\/\/lalestudiocreatif.fr\/","name":"Lal\u00e9 studio cr\u00e9atif - agence de communication Tours graphisme et illustration","description":"graphiste | agence de communication Tours","publisher":{"@id":"https:\/\/lalestudiocreatif.fr\/#organization"},"potentialAction":[{"@type":"SearchAction","target":{"@type":"EntryPoint","urlTemplate":"https:\/\/lalestudiocreatif.fr\/?s={search_term_string}"},"query-input":"required name=search_term_string"}],"inLanguage":"fr-FR"},{"@type":"Organization","@id":"https:\/\/lalestudiocreatif.fr\/#organization","name":"Lal\u00e9 studio cr\u00e9atif - agence de communication Tours graphisme et illustration","url":"https:\/\/lalestudiocreatif.fr\/","logo":{"@type":"ImageObject","inLanguage":"fr-FR","@id":"https:\/\/lalestudiocreatif.fr\/#\/schema\/logo\/image\/","url":"https:\/\/lalestudiocreatif.fr\/wp-content\/uploads\/2024\/06\/cropped-cropped-lale-logo-2024-2.png","contentUrl":"https:\/\/lalestudiocreatif.fr\/wp-content\/uploads\/2024\/06\/cropped-cropped-lale-logo-2024-2.png","width":2461,"height":944,"caption":"Lal\u00e9 studio cr\u00e9atif - agence de communication Tours graphisme et illustration"},"image":{"@id":"https:\/\/lalestudiocreatif.fr\/#\/schema\/logo\/image\/"}},{"@type":"Person","@id":"https:\/\/lalestudiocreatif.fr\/#\/schema\/person\/3380d0872b44252f5f128bc2c1625ebe","name":"Ani BOZHKOVA","image":{"@type":"ImageObject","inLanguage":"fr-FR","@id":"https:\/\/lalestudiocreatif.fr\/#\/schema\/person\/image\/","url":"https:\/\/secure.gravatar.com\/avatar\/74b0f698459025615b43dd895e1eeb32?s=96&d=mm&r=g","contentUrl":"https:\/\/secure.gravatar.com\/avatar\/74b0f698459025615b43dd895e1eeb32?s=96&d=mm&r=g","caption":"Ani BOZHKOVA"},"url":"https:\/\/lalestudiocreatif.fr\/index.php\/author\/ani-bozhkova\/"}]}},"_links":{"self":[{"href":"https:\/\/lalestudiocreatif.fr\/index.php\/wp-json\/wp\/v2\/posts\/2890"}],"collection":[{"href":"https:\/\/lalestudiocreatif.fr\/index.php\/wp-json\/wp\/v2\/posts"}],"about":[{"href":"https:\/\/lalestudiocreatif.fr\/index.php\/wp-json\/wp\/v2\/types\/post"}],"author":[{"embeddable":true,"href":"https:\/\/lalestudiocreatif.fr\/index.php\/wp-json\/wp\/v2\/users\/2"}],"replies":[{"embeddable":true,"href":"https:\/\/lalestudiocreatif.fr\/index.php\/wp-json\/wp\/v2\/comments?post=2890"}],"version-history":[{"count":3,"href":"https:\/\/lalestudiocreatif.fr\/index.php\/wp-json\/wp\/v2\/posts\/2890\/revisions"}],"predecessor-version":[{"id":2895,"href":"https:\/\/lalestudiocreatif.fr\/index.php\/wp-json\/wp\/v2\/posts\/2890\/revisions\/2895"}],"wp:featuredmedia":[{"embeddable":true,"href":"https:\/\/lalestudiocreatif.fr\/index.php\/wp-json\/wp\/v2\/media\/2771"}],"wp:attachment":[{"href":"https:\/\/lalestudiocreatif.fr\/index.php\/wp-json\/wp\/v2\/media?parent=2890"}],"wp:term":[{"taxonomy":"category","embeddable":true,"href":"https:\/\/lalestudiocreatif.fr\/index.php\/wp-json\/wp\/v2\/categories?post=2890"},{"taxonomy":"post_tag","embeddable":true,"href":"https:\/\/lalestudiocreatif.fr\/index.php\/wp-json\/wp\/v2\/tags?post=2890"}],"curies":[{"name":"wp","href":"https:\/\/api.w.org\/{rel}","templated":true}]}}