{"id":2956,"date":"2026-04-28T10:54:25","date_gmt":"2026-04-28T08:54:25","guid":{"rendered":"https:\/\/lalestudiocreatif.fr\/?p=2956"},"modified":"2026-04-26T11:29:34","modified_gmt":"2026-04-26T09:29:34","slug":"67-de-lidee-au-produit-creation-complete-dune-gamme-illustree","status":"publish","type":"post","link":"https:\/\/lalestudiocreatif.fr\/index.php\/2026\/04\/28\/67-de-lidee-au-produit-creation-complete-dune-gamme-illustree\/","title":{"rendered":"#67 : \u00ab\u00a0De l\u2019id\u00e9e au produit : cr\u00e9ation compl\u00e8te d\u2019une gamme illustr\u00e9e\u00a0\u00bb"},"content":{"rendered":"\n<p><\/p>\n\n\n\n<h1 class=\"wp-block-heading\">#67 : \u00ab\u00a0De l\u2019id\u00e9e au produit : cr\u00e9ation compl\u00e8te d\u2019une gamme illustr\u00e9e\u00a0\u00bb<\/h1>\n\n\n\n<p>Passer\u00a0de l\u2019id\u00e9e au produit\u00a0avec une\u00a0cr\u00e9ation compl\u00e8te d\u2019une gamme illustr\u00e9e\u00a0demande une vraie m\u00e9thode. Cette d\u00e9marche s\u2019illustre parfaitement avec le projet <a href=\"https:\/\/shop-in-touraine.fr\/taxons\/marchand\/les-tresors-a-colorier\">Les Tr\u00e9sors \u00e0 colorier<\/a>, qui transforme une simple intuition en univers graphique coh\u00e9rent. Une\u00a0agence de communication \u00e0 Tours\u00a0et une illustratrice peuvent ainsi b\u00e2tir une collection forte, pr\u00eate \u00e0 \u00eatre vendue.<\/p>\n\n\n\n<h2 class=\"wp-block-heading\">Partir d\u2019une id\u00e9e et d\u00e9finir l\u2019univers<\/h2>\n\n\n\n<p>Tout commence par l\u2019id\u00e9e\u00a0centrale de la gamme. Pour Les Tr\u00e9sors \u00e0 colorier, il s\u2019agit de proposer des illustrations \u00e0 colorier autour d\u2019un th\u00e8me pr\u00e9cis, comme la Touraine ou les saisons. On d\u00e9fini l\u2019univers: ton po\u00e9tique, regard d\u00e9taill\u00e9, plaisir de prendre le temps. Cette \u00e9tape permet de poser les intentions avant la moindre ligne de dessin.<\/p>\n\n\n\n<h2 class=\"wp-block-heading\">De l\u2019illustration \u00e0 la cr\u00e9ation graphique<\/h2>\n\n\n\n<p>Vient ensuite le temps de l\u2019illustration. Le graphiste la r\u00e9alise \u00e0 la main ou en num\u00e9rique, en respectant un style constant. Les dessins deviennent la base de toute la\u00a0cr\u00e9ation graphique. Une fois les illustrations finalis\u00e9es, elles sont mises en page pour s\u2019adapter aux diff\u00e9rents formats de produits. Le\u00a0graphiste\u00a0veille aux marges, \u00e0 la lisibilit\u00e9 et \u00e0 l\u2019harmonie d\u2019ensemble.<\/p>\n\n\n\n<h2 class=\"wp-block-heading\">Motifs graphiques identitaires et gamme illustr\u00e9e<\/h2>\n\n\n\n<p>Les visuels ne restent pas isol\u00e9s. Certains d\u00e9tails sont extraits pour devenir des&nbsp;motifs graphiques identitaires. Ces \u00e9l\u00e9ments se r\u00e9p\u00e8tent ou se combinent pour cr\u00e9er un fil conducteur graphique. La&nbsp;gamme illustr\u00e9e&nbsp;gagne ainsi en coh\u00e9rence et en personnalit\u00e9. Le client reconna\u00eet imm\u00e9diatement l\u2019univers, quel que soit le support.<\/p>\n\n\n\n<h2 class=\"wp-block-heading\">Du dessin au produit fini<\/h2>\n\n\n\n<p>L\u2019\u00e9tape suivante consiste \u00e0 transformer les fichiers en vrais\u00a0produits. Le graphiste pr\u00e9pare les cartes \u00e0 colorier, coffrets, fiches ou affiches pour l\u2019impression. Chaque support demande des r\u00e9glages techniques : fonds perdus, profils colorim\u00e9triques, r\u00e9solution adapt\u00e9e. Une cr\u00e9ation compl\u00e8te pr\u00e9voit aussi les dos, les mentions l\u00e9gales et les textes de pr\u00e9sentation. <\/p>\n\n\n\n<h2 class=\"wp-block-heading\">Travailler avec un graphiste et une agence de communication \u00e0 Tours<\/h2>\n\n\n\n<p>Pour une gamme illustr\u00e9e le travail du graphiste&nbsp;est pr\u00e9cieux. Il apporte son expertise : dessin, mise en page, pr\u00e9paration des fichiers. Une&nbsp;<a href=\"https:\/\/lalestudiocreatif.fr\/\">agence de communication \u00e0 Tours<\/a>&nbsp;peut coordonner l\u2019ensemble, du concept initial \u00e0 la diffusion. Elle s\u2019assure que l\u2019univers de la marque reste clair sur le site, les boutiques locales ou les plateformes en ligne.<\/p>\n\n\n\n<h2 class=\"wp-block-heading\">Conclusion : une cr\u00e9ation compl\u00e8te au service de l\u2019univers de marque <\/h2>\n\n\n\n<p>Cr\u00e9er une\u00a0<a href=\"https:\/\/lestresorsacolorier.fr\/\">gamme illustr\u00e9e\u00a0r\u00e9ussie<\/a>, c\u2019est relier l\u2019id\u00e9e de d\u00e9part, le dessin et le produit final. L\u2019illustration\u00a0devient un outil au service du\u00a0graphisme\u00a0et de la marque. Un\u00a0graphiste\u00a0et une\u00a0agence de communication \u00e0 Tours cadrent chaque \u00e9tape . L\u2019id\u00e9e se transforme en collection tangible, pr\u00eate \u00e0 rencontrer son public.<\/p>\n\n\n\n<p>\ud83d\udce9<a href=\"https:\/\/lalestudiocreatif.fr\/index.php\/contact\/\">Contactez nous&nbsp;<\/a>pour discuter de vos projets !<\/p>\n","protected":false},"excerpt":{"rendered":"<p>#67 : \u00ab\u00a0De l\u2019id\u00e9e au produit : cr\u00e9ation compl\u00e8te d\u2019une gamme illustr\u00e9e\u00a0\u00bb Passer\u00a0de l\u2019id\u00e9e au produit\u00a0avec une\u00a0cr\u00e9ation compl\u00e8te d\u2019une gamme [&hellip;]<\/p>\n","protected":false},"author":2,"featured_media":2968,"comment_status":"closed","ping_status":"closed","sticky":false,"template":"","format":"standard","meta":{"site-sidebar-layout":"default","site-content-layout":"","ast-site-content-layout":"default","site-content-style":"default","site-sidebar-style":"default","ast-global-header-display":"","ast-banner-title-visibility":"","ast-main-header-display":"","ast-hfb-above-header-display":"","ast-hfb-below-header-display":"","ast-hfb-mobile-header-display":"","site-post-title":"disabled","ast-breadcrumbs-content":"","ast-featured-img":"","footer-sml-layout":"","theme-transparent-header-meta":"","adv-header-id-meta":"","stick-header-meta":"","header-above-stick-meta":"","header-main-stick-meta":"","header-below-stick-meta":"","astra-migrate-meta-layouts":"set","ast-page-background-enabled":"default","ast-page-background-meta":{"desktop":{"background-color":"var(--ast-global-color-4)","background-image":"","background-repeat":"repeat","background-position":"center center","background-size":"auto","background-attachment":"scroll","background-type":"","background-media":"","overlay-type":"","overlay-color":"","overlay-opacity":"","overlay-gradient":""},"tablet":{"background-color":"","background-image":"","background-repeat":"repeat","background-position":"center center","background-size":"auto","background-attachment":"scroll","background-type":"","background-media":"","overlay-type":"","overlay-color":"","overlay-opacity":"","overlay-gradient":""},"mobile":{"background-color":"","background-image":"","background-repeat":"repeat","background-position":"center center","background-size":"auto","background-attachment":"scroll","background-type":"","background-media":"","overlay-type":"","overlay-color":"","overlay-opacity":"","overlay-gradient":""}},"ast-content-background-meta":{"desktop":{"background-color":"var(--ast-global-color-5)","background-image":"","background-repeat":"repeat","background-position":"center center","background-size":"auto","background-attachment":"scroll","background-type":"","background-media":"","overlay-type":"","overlay-color":"","overlay-opacity":"","overlay-gradient":""},"tablet":{"background-color":"var(--ast-global-color-5)","background-image":"","background-repeat":"repeat","background-position":"center center","background-size":"auto","background-attachment":"scroll","background-type":"","background-media":"","overlay-type":"","overlay-color":"","overlay-opacity":"","overlay-gradient":""},"mobile":{"background-color":"var(--ast-global-color-5)","background-image":"","background-repeat":"repeat","background-position":"center center","background-size":"auto","background-attachment":"scroll","background-type":"","background-media":"","overlay-type":"","overlay-color":"","overlay-opacity":"","overlay-gradient":""}},"footnotes":""},"categories":[1,18],"tags":[11,13],"yoast_head":"<!-- This site is optimized with the Yoast SEO plugin v22.2 - https:\/\/yoast.com\/wordpress\/plugins\/seo\/ -->\n<title>De l\u2019id\u00e9e au produit : cr\u00e9ation compl\u00e8te d\u2019une gamme illustr\u00e9e<\/title>\n<meta name=\"description\" content=\"Gamme \u00e0 colorier Les Tr\u00e9sors \u00e0 colorier : coffrets et cartes illustr\u00e9es pour une pause cr\u00e9ative, entre aquarelle, d\u00e9tente et d\u00e9couverte.\" \/>\n<meta name=\"robots\" content=\"index, follow, max-snippet:-1, max-image-preview:large, max-video-preview:-1\" \/>\n<link rel=\"canonical\" href=\"https:\/\/lalestudiocreatif.fr\/index.php\/2026\/04\/28\/67-de-lidee-au-produit-creation-complete-dune-gamme-illustree\/\" \/>\n<meta property=\"og:locale\" content=\"fr_FR\" \/>\n<meta property=\"og:type\" content=\"article\" \/>\n<meta property=\"og:title\" content=\"De l\u2019id\u00e9e au produit : cr\u00e9ation compl\u00e8te d\u2019une gamme illustr\u00e9e\" \/>\n<meta property=\"og:description\" content=\"Gamme \u00e0 colorier Les Tr\u00e9sors \u00e0 colorier : coffrets et cartes illustr\u00e9es pour une pause cr\u00e9ative, entre aquarelle, d\u00e9tente et d\u00e9couverte.\" \/>\n<meta property=\"og:url\" content=\"https:\/\/lalestudiocreatif.fr\/index.php\/2026\/04\/28\/67-de-lidee-au-produit-creation-complete-dune-gamme-illustree\/\" \/>\n<meta property=\"og:site_name\" content=\"Lal\u00e9 studio cr\u00e9atif - agence de communication Tours graphisme et illustration\" \/>\n<meta property=\"article:published_time\" content=\"2026-04-28T08:54:25+00:00\" \/>\n<meta property=\"article:modified_time\" content=\"2026-04-26T09:29:34+00:00\" \/>\n<meta property=\"og:image\" content=\"https:\/\/lalestudiocreatif.fr\/wp-content\/uploads\/2026\/04\/les-tresors-a-colorier-1.jpg\" \/>\n\t<meta property=\"og:image:width\" content=\"1519\" \/>\n\t<meta property=\"og:image:height\" content=\"676\" \/>\n\t<meta property=\"og:image:type\" content=\"image\/jpeg\" \/>\n<meta name=\"author\" content=\"Ani BOZHKOVA\" \/>\n<meta name=\"twitter:card\" content=\"summary_large_image\" \/>\n<meta name=\"twitter:label1\" content=\"\u00c9crit par\" \/>\n\t<meta name=\"twitter:data1\" content=\"Ani BOZHKOVA\" \/>\n\t<meta name=\"twitter:label2\" content=\"Dur\u00e9e de lecture estim\u00e9e\" \/>\n\t<meta name=\"twitter:data2\" content=\"3 minutes\" \/>\n<script type=\"application\/ld+json\" class=\"yoast-schema-graph\">{\"@context\":\"https:\/\/schema.org\",\"@graph\":[{\"@type\":\"Article\",\"@id\":\"https:\/\/lalestudiocreatif.fr\/index.php\/2026\/04\/28\/67-de-lidee-au-produit-creation-complete-dune-gamme-illustree\/#article\",\"isPartOf\":{\"@id\":\"https:\/\/lalestudiocreatif.fr\/index.php\/2026\/04\/28\/67-de-lidee-au-produit-creation-complete-dune-gamme-illustree\/\"},\"author\":{\"name\":\"Ani BOZHKOVA\",\"@id\":\"https:\/\/lalestudiocreatif.fr\/#\/schema\/person\/3380d0872b44252f5f128bc2c1625ebe\"},\"headline\":\"#67 : \u00ab\u00a0De l\u2019id\u00e9e au produit : cr\u00e9ation compl\u00e8te d\u2019une gamme illustr\u00e9e\u00a0\u00bb\",\"datePublished\":\"2026-04-28T08:54:25+00:00\",\"dateModified\":\"2026-04-26T09:29:34+00:00\",\"mainEntityOfPage\":{\"@id\":\"https:\/\/lalestudiocreatif.fr\/index.php\/2026\/04\/28\/67-de-lidee-au-produit-creation-complete-dune-gamme-illustree\/\"},\"wordCount\":532,\"publisher\":{\"@id\":\"https:\/\/lalestudiocreatif.fr\/#organization\"},\"image\":{\"@id\":\"https:\/\/lalestudiocreatif.fr\/index.php\/2026\/04\/28\/67-de-lidee-au-produit-creation-complete-dune-gamme-illustree\/#primaryimage\"},\"thumbnailUrl\":\"https:\/\/lalestudiocreatif.fr\/wp-content\/uploads\/2026\/04\/les-tresors-a-colorier-1.jpg\",\"keywords\":[\"Graphisme\",\"Tout\"],\"articleSection\":[\"Blog\",\"communication\"],\"inLanguage\":\"fr-FR\"},{\"@type\":\"WebPage\",\"@id\":\"https:\/\/lalestudiocreatif.fr\/index.php\/2026\/04\/28\/67-de-lidee-au-produit-creation-complete-dune-gamme-illustree\/\",\"url\":\"https:\/\/lalestudiocreatif.fr\/index.php\/2026\/04\/28\/67-de-lidee-au-produit-creation-complete-dune-gamme-illustree\/\",\"name\":\"De l\u2019id\u00e9e au produit : cr\u00e9ation compl\u00e8te d\u2019une gamme illustr\u00e9e\",\"isPartOf\":{\"@id\":\"https:\/\/lalestudiocreatif.fr\/#website\"},\"primaryImageOfPage\":{\"@id\":\"https:\/\/lalestudiocreatif.fr\/index.php\/2026\/04\/28\/67-de-lidee-au-produit-creation-complete-dune-gamme-illustree\/#primaryimage\"},\"image\":{\"@id\":\"https:\/\/lalestudiocreatif.fr\/index.php\/2026\/04\/28\/67-de-lidee-au-produit-creation-complete-dune-gamme-illustree\/#primaryimage\"},\"thumbnailUrl\":\"https:\/\/lalestudiocreatif.fr\/wp-content\/uploads\/2026\/04\/les-tresors-a-colorier-1.jpg\",\"datePublished\":\"2026-04-28T08:54:25+00:00\",\"dateModified\":\"2026-04-26T09:29:34+00:00\",\"description\":\"Gamme \u00e0 colorier Les Tr\u00e9sors \u00e0 colorier : coffrets et cartes illustr\u00e9es pour une pause cr\u00e9ative, entre aquarelle, d\u00e9tente et d\u00e9couverte.\",\"breadcrumb\":{\"@id\":\"https:\/\/lalestudiocreatif.fr\/index.php\/2026\/04\/28\/67-de-lidee-au-produit-creation-complete-dune-gamme-illustree\/#breadcrumb\"},\"inLanguage\":\"fr-FR\",\"potentialAction\":[{\"@type\":\"ReadAction\",\"target\":[\"https:\/\/lalestudiocreatif.fr\/index.php\/2026\/04\/28\/67-de-lidee-au-produit-creation-complete-dune-gamme-illustree\/\"]}]},{\"@type\":\"ImageObject\",\"inLanguage\":\"fr-FR\",\"@id\":\"https:\/\/lalestudiocreatif.fr\/index.php\/2026\/04\/28\/67-de-lidee-au-produit-creation-complete-dune-gamme-illustree\/#primaryimage\",\"url\":\"https:\/\/lalestudiocreatif.fr\/wp-content\/uploads\/2026\/04\/les-tresors-a-colorier-1.jpg\",\"contentUrl\":\"https:\/\/lalestudiocreatif.fr\/wp-content\/uploads\/2026\/04\/les-tresors-a-colorier-1.jpg\",\"width\":1519,\"height\":676,\"caption\":\"Id\u00e9e, produit, cr\u00e9ation compl\u00e8te, illustration, cr\u00e9ation graphique, des motifs graphiques identitaires, gamme illustr\u00e9e, graphisme, graphiste, agence de communication, Tours.\"},{\"@type\":\"BreadcrumbList\",\"@id\":\"https:\/\/lalestudiocreatif.fr\/index.php\/2026\/04\/28\/67-de-lidee-au-produit-creation-complete-dune-gamme-illustree\/#breadcrumb\",\"itemListElement\":[{\"@type\":\"ListItem\",\"position\":1,\"name\":\"Accueil\",\"item\":\"https:\/\/lalestudiocreatif.fr\/\"},{\"@type\":\"ListItem\",\"position\":2,\"name\":\"#67 : \u00ab\u00a0De l\u2019id\u00e9e au produit : cr\u00e9ation compl\u00e8te d\u2019une gamme illustr\u00e9e\u00a0\u00bb\"}]},{\"@type\":\"WebSite\",\"@id\":\"https:\/\/lalestudiocreatif.fr\/#website\",\"url\":\"https:\/\/lalestudiocreatif.fr\/\",\"name\":\"Lal\u00e9 studio cr\u00e9atif - agence de communication Tours graphisme et illustration\",\"description\":\"graphiste | agence de communication Tours\",\"publisher\":{\"@id\":\"https:\/\/lalestudiocreatif.fr\/#organization\"},\"potentialAction\":[{\"@type\":\"SearchAction\",\"target\":{\"@type\":\"EntryPoint\",\"urlTemplate\":\"https:\/\/lalestudiocreatif.fr\/?s={search_term_string}\"},\"query-input\":\"required name=search_term_string\"}],\"inLanguage\":\"fr-FR\"},{\"@type\":\"Organization\",\"@id\":\"https:\/\/lalestudiocreatif.fr\/#organization\",\"name\":\"Lal\u00e9 studio cr\u00e9atif - agence de communication Tours graphisme et illustration\",\"url\":\"https:\/\/lalestudiocreatif.fr\/\",\"logo\":{\"@type\":\"ImageObject\",\"inLanguage\":\"fr-FR\",\"@id\":\"https:\/\/lalestudiocreatif.fr\/#\/schema\/logo\/image\/\",\"url\":\"https:\/\/lalestudiocreatif.fr\/wp-content\/uploads\/2024\/06\/cropped-cropped-lale-logo-2024-2.png\",\"contentUrl\":\"https:\/\/lalestudiocreatif.fr\/wp-content\/uploads\/2024\/06\/cropped-cropped-lale-logo-2024-2.png\",\"width\":2461,\"height\":944,\"caption\":\"Lal\u00e9 studio cr\u00e9atif - agence de communication Tours graphisme et illustration\"},\"image\":{\"@id\":\"https:\/\/lalestudiocreatif.fr\/#\/schema\/logo\/image\/\"}},{\"@type\":\"Person\",\"@id\":\"https:\/\/lalestudiocreatif.fr\/#\/schema\/person\/3380d0872b44252f5f128bc2c1625ebe\",\"name\":\"Ani BOZHKOVA\",\"image\":{\"@type\":\"ImageObject\",\"inLanguage\":\"fr-FR\",\"@id\":\"https:\/\/lalestudiocreatif.fr\/#\/schema\/person\/image\/\",\"url\":\"https:\/\/secure.gravatar.com\/avatar\/74b0f698459025615b43dd895e1eeb32?s=96&d=mm&r=g\",\"contentUrl\":\"https:\/\/secure.gravatar.com\/avatar\/74b0f698459025615b43dd895e1eeb32?s=96&d=mm&r=g\",\"caption\":\"Ani BOZHKOVA\"},\"url\":\"https:\/\/lalestudiocreatif.fr\/index.php\/author\/ani-bozhkova\/\"}]}<\/script>\n<!-- \/ Yoast SEO plugin. -->","yoast_head_json":{"title":"De l\u2019id\u00e9e au produit : cr\u00e9ation compl\u00e8te d\u2019une gamme illustr\u00e9e","description":"Gamme \u00e0 colorier Les Tr\u00e9sors \u00e0 colorier : coffrets et cartes illustr\u00e9es pour une pause cr\u00e9ative, entre aquarelle, d\u00e9tente et d\u00e9couverte.","robots":{"index":"index","follow":"follow","max-snippet":"max-snippet:-1","max-image-preview":"max-image-preview:large","max-video-preview":"max-video-preview:-1"},"canonical":"https:\/\/lalestudiocreatif.fr\/index.php\/2026\/04\/28\/67-de-lidee-au-produit-creation-complete-dune-gamme-illustree\/","og_locale":"fr_FR","og_type":"article","og_title":"De l\u2019id\u00e9e au produit : cr\u00e9ation compl\u00e8te d\u2019une gamme illustr\u00e9e","og_description":"Gamme \u00e0 colorier Les Tr\u00e9sors \u00e0 colorier : coffrets et cartes illustr\u00e9es pour une pause cr\u00e9ative, entre aquarelle, d\u00e9tente et d\u00e9couverte.","og_url":"https:\/\/lalestudiocreatif.fr\/index.php\/2026\/04\/28\/67-de-lidee-au-produit-creation-complete-dune-gamme-illustree\/","og_site_name":"Lal\u00e9 studio cr\u00e9atif - agence de communication Tours graphisme et illustration","article_published_time":"2026-04-28T08:54:25+00:00","article_modified_time":"2026-04-26T09:29:34+00:00","og_image":[{"width":1519,"height":676,"url":"https:\/\/lalestudiocreatif.fr\/wp-content\/uploads\/2026\/04\/les-tresors-a-colorier-1.jpg","type":"image\/jpeg"}],"author":"Ani BOZHKOVA","twitter_card":"summary_large_image","twitter_misc":{"\u00c9crit par":"Ani BOZHKOVA","Dur\u00e9e de lecture estim\u00e9e":"3 minutes"},"schema":{"@context":"https:\/\/schema.org","@graph":[{"@type":"Article","@id":"https:\/\/lalestudiocreatif.fr\/index.php\/2026\/04\/28\/67-de-lidee-au-produit-creation-complete-dune-gamme-illustree\/#article","isPartOf":{"@id":"https:\/\/lalestudiocreatif.fr\/index.php\/2026\/04\/28\/67-de-lidee-au-produit-creation-complete-dune-gamme-illustree\/"},"author":{"name":"Ani BOZHKOVA","@id":"https:\/\/lalestudiocreatif.fr\/#\/schema\/person\/3380d0872b44252f5f128bc2c1625ebe"},"headline":"#67 : \u00ab\u00a0De l\u2019id\u00e9e au produit : cr\u00e9ation compl\u00e8te d\u2019une gamme illustr\u00e9e\u00a0\u00bb","datePublished":"2026-04-28T08:54:25+00:00","dateModified":"2026-04-26T09:29:34+00:00","mainEntityOfPage":{"@id":"https:\/\/lalestudiocreatif.fr\/index.php\/2026\/04\/28\/67-de-lidee-au-produit-creation-complete-dune-gamme-illustree\/"},"wordCount":532,"publisher":{"@id":"https:\/\/lalestudiocreatif.fr\/#organization"},"image":{"@id":"https:\/\/lalestudiocreatif.fr\/index.php\/2026\/04\/28\/67-de-lidee-au-produit-creation-complete-dune-gamme-illustree\/#primaryimage"},"thumbnailUrl":"https:\/\/lalestudiocreatif.fr\/wp-content\/uploads\/2026\/04\/les-tresors-a-colorier-1.jpg","keywords":["Graphisme","Tout"],"articleSection":["Blog","communication"],"inLanguage":"fr-FR"},{"@type":"WebPage","@id":"https:\/\/lalestudiocreatif.fr\/index.php\/2026\/04\/28\/67-de-lidee-au-produit-creation-complete-dune-gamme-illustree\/","url":"https:\/\/lalestudiocreatif.fr\/index.php\/2026\/04\/28\/67-de-lidee-au-produit-creation-complete-dune-gamme-illustree\/","name":"De l\u2019id\u00e9e au produit : cr\u00e9ation compl\u00e8te d\u2019une gamme illustr\u00e9e","isPartOf":{"@id":"https:\/\/lalestudiocreatif.fr\/#website"},"primaryImageOfPage":{"@id":"https:\/\/lalestudiocreatif.fr\/index.php\/2026\/04\/28\/67-de-lidee-au-produit-creation-complete-dune-gamme-illustree\/#primaryimage"},"image":{"@id":"https:\/\/lalestudiocreatif.fr\/index.php\/2026\/04\/28\/67-de-lidee-au-produit-creation-complete-dune-gamme-illustree\/#primaryimage"},"thumbnailUrl":"https:\/\/lalestudiocreatif.fr\/wp-content\/uploads\/2026\/04\/les-tresors-a-colorier-1.jpg","datePublished":"2026-04-28T08:54:25+00:00","dateModified":"2026-04-26T09:29:34+00:00","description":"Gamme \u00e0 colorier Les Tr\u00e9sors \u00e0 colorier : coffrets et cartes illustr\u00e9es pour une pause cr\u00e9ative, entre aquarelle, d\u00e9tente et d\u00e9couverte.","breadcrumb":{"@id":"https:\/\/lalestudiocreatif.fr\/index.php\/2026\/04\/28\/67-de-lidee-au-produit-creation-complete-dune-gamme-illustree\/#breadcrumb"},"inLanguage":"fr-FR","potentialAction":[{"@type":"ReadAction","target":["https:\/\/lalestudiocreatif.fr\/index.php\/2026\/04\/28\/67-de-lidee-au-produit-creation-complete-dune-gamme-illustree\/"]}]},{"@type":"ImageObject","inLanguage":"fr-FR","@id":"https:\/\/lalestudiocreatif.fr\/index.php\/2026\/04\/28\/67-de-lidee-au-produit-creation-complete-dune-gamme-illustree\/#primaryimage","url":"https:\/\/lalestudiocreatif.fr\/wp-content\/uploads\/2026\/04\/les-tresors-a-colorier-1.jpg","contentUrl":"https:\/\/lalestudiocreatif.fr\/wp-content\/uploads\/2026\/04\/les-tresors-a-colorier-1.jpg","width":1519,"height":676,"caption":"Id\u00e9e, produit, cr\u00e9ation compl\u00e8te, illustration, cr\u00e9ation graphique, des motifs graphiques identitaires, gamme illustr\u00e9e, graphisme, graphiste, agence de communication, Tours."},{"@type":"BreadcrumbList","@id":"https:\/\/lalestudiocreatif.fr\/index.php\/2026\/04\/28\/67-de-lidee-au-produit-creation-complete-dune-gamme-illustree\/#breadcrumb","itemListElement":[{"@type":"ListItem","position":1,"name":"Accueil","item":"https:\/\/lalestudiocreatif.fr\/"},{"@type":"ListItem","position":2,"name":"#67 : \u00ab\u00a0De l\u2019id\u00e9e au produit : cr\u00e9ation compl\u00e8te d\u2019une gamme illustr\u00e9e\u00a0\u00bb"}]},{"@type":"WebSite","@id":"https:\/\/lalestudiocreatif.fr\/#website","url":"https:\/\/lalestudiocreatif.fr\/","name":"Lal\u00e9 studio cr\u00e9atif - agence de communication Tours graphisme et illustration","description":"graphiste | agence de communication Tours","publisher":{"@id":"https:\/\/lalestudiocreatif.fr\/#organization"},"potentialAction":[{"@type":"SearchAction","target":{"@type":"EntryPoint","urlTemplate":"https:\/\/lalestudiocreatif.fr\/?s={search_term_string}"},"query-input":"required name=search_term_string"}],"inLanguage":"fr-FR"},{"@type":"Organization","@id":"https:\/\/lalestudiocreatif.fr\/#organization","name":"Lal\u00e9 studio cr\u00e9atif - agence de communication Tours graphisme et illustration","url":"https:\/\/lalestudiocreatif.fr\/","logo":{"@type":"ImageObject","inLanguage":"fr-FR","@id":"https:\/\/lalestudiocreatif.fr\/#\/schema\/logo\/image\/","url":"https:\/\/lalestudiocreatif.fr\/wp-content\/uploads\/2024\/06\/cropped-cropped-lale-logo-2024-2.png","contentUrl":"https:\/\/lalestudiocreatif.fr\/wp-content\/uploads\/2024\/06\/cropped-cropped-lale-logo-2024-2.png","width":2461,"height":944,"caption":"Lal\u00e9 studio cr\u00e9atif - agence de communication Tours graphisme et illustration"},"image":{"@id":"https:\/\/lalestudiocreatif.fr\/#\/schema\/logo\/image\/"}},{"@type":"Person","@id":"https:\/\/lalestudiocreatif.fr\/#\/schema\/person\/3380d0872b44252f5f128bc2c1625ebe","name":"Ani BOZHKOVA","image":{"@type":"ImageObject","inLanguage":"fr-FR","@id":"https:\/\/lalestudiocreatif.fr\/#\/schema\/person\/image\/","url":"https:\/\/secure.gravatar.com\/avatar\/74b0f698459025615b43dd895e1eeb32?s=96&d=mm&r=g","contentUrl":"https:\/\/secure.gravatar.com\/avatar\/74b0f698459025615b43dd895e1eeb32?s=96&d=mm&r=g","caption":"Ani BOZHKOVA"},"url":"https:\/\/lalestudiocreatif.fr\/index.php\/author\/ani-bozhkova\/"}]}},"_links":{"self":[{"href":"https:\/\/lalestudiocreatif.fr\/index.php\/wp-json\/wp\/v2\/posts\/2956"}],"collection":[{"href":"https:\/\/lalestudiocreatif.fr\/index.php\/wp-json\/wp\/v2\/posts"}],"about":[{"href":"https:\/\/lalestudiocreatif.fr\/index.php\/wp-json\/wp\/v2\/types\/post"}],"author":[{"embeddable":true,"href":"https:\/\/lalestudiocreatif.fr\/index.php\/wp-json\/wp\/v2\/users\/2"}],"replies":[{"embeddable":true,"href":"https:\/\/lalestudiocreatif.fr\/index.php\/wp-json\/wp\/v2\/comments?post=2956"}],"version-history":[{"count":14,"href":"https:\/\/lalestudiocreatif.fr\/index.php\/wp-json\/wp\/v2\/posts\/2956\/revisions"}],"predecessor-version":[{"id":2981,"href":"https:\/\/lalestudiocreatif.fr\/index.php\/wp-json\/wp\/v2\/posts\/2956\/revisions\/2981"}],"wp:featuredmedia":[{"embeddable":true,"href":"https:\/\/lalestudiocreatif.fr\/index.php\/wp-json\/wp\/v2\/media\/2968"}],"wp:attachment":[{"href":"https:\/\/lalestudiocreatif.fr\/index.php\/wp-json\/wp\/v2\/media?parent=2956"}],"wp:term":[{"taxonomy":"category","embeddable":true,"href":"https:\/\/lalestudiocreatif.fr\/index.php\/wp-json\/wp\/v2\/categories?post=2956"},{"taxonomy":"post_tag","embeddable":true,"href":"https:\/\/lalestudiocreatif.fr\/index.php\/wp-json\/wp\/v2\/tags?post=2956"}],"curies":[{"name":"wp","href":"https:\/\/api.w.org\/{rel}","templated":true}]}}